{"id":65922,"date":"2025-07-30T01:27:21","date_gmt":"2025-07-30T01:27:21","guid":{"rendered":"https:\/\/lahora.mx\/?p=65922"},"modified":"2025-07-30T01:27:22","modified_gmt":"2025-07-30T01:27:22","slug":"el-gobernador-armenta-condena-actuar-de-edil-de-cuyoaco-llama-a-victimas-para-denunciar","status":"publish","type":"post","link":"https:\/\/lahora.mx\/index.php\/2025\/07\/30\/el-gobernador-armenta-condena-actuar-de-edil-de-cuyoaco-llama-a-victimas-para-denunciar\/","title":{"rendered":"El gobernador Armenta condena actuar de edil de Cuyoaco; llama a v\u00edctimas para denunciar"},"content":{"rendered":"\n<p>El gobernador de Puebla, Alejandro Armenta Mier, conden\u00f3 el reciente actuar del presidente municipal de Cuyoaco, Iv\u00e1n Camacho Romero, se\u00f1alado por abuso de autoridad, y hizo un llamado a las v\u00edctimas para que interpongan su denuncia.<\/p>\n\n\n\n<p>Durante la conferencia matutina, solicit\u00f3 a la delegaci\u00f3n de la Secretar\u00eda de Gobernaci\u00f3n (Segob) un informe sobre las actitudes del mun\u00edcipe, derivadas de los esc\u00e1ndalos que se han viralizado en redes sociales.<\/p>\n\n\n\n<p>En ese sentido, enfatiz\u00f3 que el gobierno del estado no proteger\u00e1 a nadie, independientemente del cargo que ocupen; si incurri\u00f3 en alg\u00fan delito, no ser\u00e1n omisos y actuar\u00e1n conforme a lo que corresponda por parte de las autoridades.<br><br>\u00abSi es as\u00ed, hay que exhortar y proteger siempre a las personas para que denuncien, y tienen todo el respaldo del Gobierno; con mucho gusto lo haremos\u00bb, extern\u00f3.<\/p>\n\n\n\n<p>Una vez que las v\u00edctimas decidan presentar denuncias, indic\u00f3 que la Fiscal\u00eda General del Estado (FGE) y la Secretar\u00eda de Seguridad P\u00fablica (SSP) tomar\u00e1n las medidas correspondientes contra el pol\u00edtico.<\/p>\n\n\n\n<p>Por su parte, el coordinador de Gabinete, Jos\u00e9 Luis Garc\u00eda Parra, exhort\u00f3 a los ediles a dejar de lado actitudes prepotentes y a ejercer su responsabilidad con respeto y compromiso.<\/p>\n\n\n\n<p>Asimismo, record\u00f3 a quienes ejercen abuso de autoridad que \u201clos cargos no son para siempre\u201d, por lo que deben conducirse con total legalidad durante los tres a\u00f1os que dura su mandato.<\/p>\n\n\n\n<p>Este llamado surge tras la difusi\u00f3n, el pasado fin de semana, de videos en los que Camacho Romero fue captado amenazando y hostigando a un vendedor de una tienda en el centro comercial Angel\u00f3polis, debido a un cambio de mercanc\u00eda.<\/p>\n\n\n\n<p>Tambi\u00e9n fue grabado en la autopista Puebla-Cuapiaxtla, donde detuvo un autob\u00fas y reclam\u00f3 al chofer por no permitirle el paso en esta vialidad, lo que gener\u00f3 fuertes cr\u00edticas.<\/p>\n","protected":false},"excerpt":{"rendered":"<p>El gobernador de Puebla, Alejandro Armenta Mier, conden\u00f3 el reciente actuar del presidente municipal de Cuyoaco, Iv\u00e1n Camacho Romero, se\u00f1alado por abuso de autoridad, y hizo un llamado a las v\u00edctimas para que interpongan su denuncia. Durante la conferencia matutina, solicit\u00f3 a la delegaci\u00f3n de la Secretar\u00eda de Gobernaci\u00f3n (Segob) un informe sobre las actitudes [&hellip;]<\/p>\n","protected":false},"author":4,"featured_media":65923,"comment_status":"open","ping_status":"open","sticky":false,"template":"","format":"standard","meta":{"om_disable_all_campaigns":false,"_monsterinsights_skip_tracking":false,"_monsterinsights_sitenote_active":false,"_monsterinsights_sitenote_note":"","_monsterinsights_sitenote_category":0,"footnotes":""},"categories":[175],"tags":[195,223],"class_list":["post-65922","post","type-post","status-publish","format-standard","has-post-thumbnail","hentry","category-local","tag-principal","tag-puebla"],"amp_enabled":true,"_links":{"self":[{"href":"https:\/\/lahora.mx\/index.php\/wp-json\/wp\/v2\/posts\/65922","targetHints":{"allow":["GET"]}}],"collection":[{"href":"https:\/\/lahora.mx\/index.php\/wp-json\/wp\/v2\/posts"}],"about":[{"href":"https:\/\/lahora.mx\/index.php\/wp-json\/wp\/v2\/types\/post"}],"author":[{"embeddable":true,"href":"https:\/\/lahora.mx\/index.php\/wp-json\/wp\/v2\/users\/4"}],"replies":[{"embeddable":true,"href":"https:\/\/lahora.mx\/index.php\/wp-json\/wp\/v2\/comments?post=65922"}],"version-history":[{"count":1,"href":"https:\/\/lahora.mx\/index.php\/wp-json\/wp\/v2\/posts\/65922\/revisions"}],"predecessor-version":[{"id":65924,"href":"https:\/\/lahora.mx\/index.php\/wp-json\/wp\/v2\/posts\/65922\/revisions\/65924"}],"wp:featuredmedia":[{"embeddable":true,"href":"https:\/\/lahora.mx\/index.php\/wp-json\/wp\/v2\/media\/65923"}],"wp:attachment":[{"href":"https:\/\/lahora.mx\/index.php\/wp-json\/wp\/v2\/media?parent=65922"}],"wp:term":[{"taxonomy":"category","embeddable":true,"href":"https:\/\/lahora.mx\/index.php\/wp-json\/wp\/v2\/categories?post=65922"},{"taxonomy":"post_tag","embeddable":true,"href":"https:\/\/lahora.mx\/index.php\/wp-json\/wp\/v2\/tags?post=65922"}],"curies":[{"name":"wp","href":"https:\/\/api.w.org\/{rel}","templated":true}]}}