{"id":65916,"date":"2025-07-30T00:05:10","date_gmt":"2025-07-30T00:05:10","guid":{"rendered":"https:\/\/lahora.mx\/?p=65916"},"modified":"2025-07-30T00:05:11","modified_gmt":"2025-07-30T00:05:11","slug":"funcionarios-de-china-y-eu-buscaran-prorroga-de-tregua-arancelaria-de-90-dias","status":"publish","type":"post","link":"https:\/\/lahora.mx\/index.php\/2025\/07\/30\/funcionarios-de-china-y-eu-buscaran-prorroga-de-tregua-arancelaria-de-90-dias\/","title":{"rendered":"Funcionarios de China y EU buscar\u00e1n pr\u00f3rroga de tregua arancelaria de 90 d\u00edas"},"content":{"rendered":"\n<p class=\"wp-block-paragraph\">A d\u00edas de que inicie la imposici\u00f3n de aranceles comerciales de los Estados Unidos contra casi todo el mundo, funcionarios de este pa\u00eds y de China acordaron buscar una pr\u00f3rroga de su tregua arancelaria de 90 d\u00edas, en el marco de las conversaciones que han tenido para calmar las tensiones causadas por Donald Trump.<br><br>Si bien durante las negociaciones que ambas naciones han sostenido en Estocolmo estos \u00faltimos d\u00edas no han presentado avances importantes, funcionarios de Estados Unidos afirmaron que al final del d\u00eda la decisi\u00f3n de prorrogar la tregua comercial que expira el 12 de agosto va a ser tomada por el republicano.<\/p>\n\n\n\n<p class=\"wp-block-paragraph\">Cabe se\u00f1alar que a casi seis meses de que el mandatario estadounidense ha amenazado con poner aranceles a sus socios comerciales, ya ha logrado realizar acuerdos satisfactorios con Jap\u00f3n, la Uni\u00f3n Europea (UE) y otras naciones, con China siendo el \u00fanico pa\u00eds que se ha mostrado capaz de afectar sus planes econ\u00f3micos.<\/p>\n\n\n\n<p class=\"wp-block-paragraph\">Pese a que inicialmente Trump pretend\u00eda ser extremadamente agresivo con China, debido a su postura anticomunista, el tit\u00e1n asi\u00e1tico respondi\u00f3 a sus aranceles con sanciones referentes a los flujos mundiales de tierras raras, lo que puso en jaque al gobierno estadounidense y complejizo la relaci\u00f3n entre los dos pa\u00edses.<\/p>\n\n\n\n<p class=\"wp-block-paragraph\">Muchos se\u00f1alan que en caso de que las dos naciones no lleguen a un acuerdo, las cadenas de suministro mundiales y los mercados financieros podr\u00edan enfrentarse a una nueva crisis, la cual afectar\u00eda gravemente al gobierno de Trump, debido a la ya de por si inestabilidad social que ha causado dentro de su naci\u00f3n.<\/p>\n\n\n\n<p class=\"wp-block-paragraph\">\u00abLe informaremos a Trump sobre el proceso que hemos llevado a cabo aqu\u00ed. Sin duda, hemos mantenido reuniones constructivas, para volver con un informe positivo. Pero la pr\u00f3rroga de la pausa la decidir\u00e1 \u00e9l\u00bb, afirm\u00f3 el representante comercial estadounidense enviado por Trump, Jamieson Greer, desde Estocolmo.<\/p>\n\n\n\n<p class=\"wp-block-paragraph\">Inesperadamente los enviados estadounidenses aseguraron que ya establecieron una buena interacci\u00f3n personal, as\u00ed como respeto mutuo con sus hom\u00f3logos chinos, lo cual ha llevado a que entiendan mejor su agenda. Ante esto el Fondo Monetario Internacional elev\u00f3 su previsi\u00f3n de crecimiento mundial.<\/p>\n","protected":false},"excerpt":{"rendered":"<p>A d\u00edas de que inicie la imposici\u00f3n de aranceles comerciales de los Estados Unidos contra casi todo el mundo, funcionarios de este pa\u00eds y de China acordaron buscar una pr\u00f3rroga de su tregua arancelaria de 90 d\u00edas, en el marco de las conversaciones que han tenido para calmar las tensiones causadas por Donald Trump. Si [&hellip;]<\/p>\n","protected":false},"author":4,"featured_media":65917,"comment_status":"open","ping_status":"open","sticky":false,"template":"","format":"standard","meta":{"om_disable_all_campaigns":false,"_monsterinsights_skip_tracking":false,"_monsterinsights_sitenote_active":false,"_monsterinsights_sitenote_note":"","_monsterinsights_sitenote_category":0,"footnotes":""},"categories":[183],"tags":[223],"class_list":["post-65916","post","type-post","status-publish","format-standard","has-post-thumbnail","hentry","category-internacional","tag-puebla"],"amp_enabled":true,"_links":{"self":[{"href":"https:\/\/lahora.mx\/index.php\/wp-json\/wp\/v2\/posts\/65916","targetHints":{"allow":["GET"]}}],"collection":[{"href":"https:\/\/lahora.mx\/index.php\/wp-json\/wp\/v2\/posts"}],"about":[{"href":"https:\/\/lahora.mx\/index.php\/wp-json\/wp\/v2\/types\/post"}],"author":[{"embeddable":true,"href":"https:\/\/lahora.mx\/index.php\/wp-json\/wp\/v2\/users\/4"}],"replies":[{"embeddable":true,"href":"https:\/\/lahora.mx\/index.php\/wp-json\/wp\/v2\/comments?post=65916"}],"version-history":[{"count":1,"href":"https:\/\/lahora.mx\/index.php\/wp-json\/wp\/v2\/posts\/65916\/revisions"}],"predecessor-version":[{"id":65918,"href":"https:\/\/lahora.mx\/index.php\/wp-json\/wp\/v2\/posts\/65916\/revisions\/65918"}],"wp:featuredmedia":[{"embeddable":true,"href":"https:\/\/lahora.mx\/index.php\/wp-json\/wp\/v2\/media\/65917"}],"wp:attachment":[{"href":"https:\/\/lahora.mx\/index.php\/wp-json\/wp\/v2\/media?parent=65916"}],"wp:term":[{"taxonomy":"category","embeddable":true,"href":"https:\/\/lahora.mx\/index.php\/wp-json\/wp\/v2\/categories?post=65916"},{"taxonomy":"post_tag","embeddable":true,"href":"https:\/\/lahora.mx\/index.php\/wp-json\/wp\/v2\/tags?post=65916"}],"curies":[{"name":"wp","href":"https:\/\/api.w.org\/{rel}","templated":true}]}}