{"id":65883,"date":"2025-07-29T00:38:33","date_gmt":"2025-07-29T00:38:33","guid":{"rendered":"https:\/\/lahora.mx\/?p=65883"},"modified":"2025-07-29T00:38:33","modified_gmt":"2025-07-29T00:38:33","slug":"lluvias-provocan-derrumbe-en-camino-a-ixhuacatla-huauchinango","status":"publish","type":"post","link":"https:\/\/lahora.mx\/index.php\/2025\/07\/29\/lluvias-provocan-derrumbe-en-camino-a-ixhuacatla-huauchinango\/","title":{"rendered":"Lluvias provocan derrumbe en camino a Ixhuacatla, Huauchinango"},"content":{"rendered":"\n<p>Derivado de las recientes lluvias que se presentaron en la entidad poblana, la Coordinaci\u00f3n de Protecci\u00f3n Civil inform\u00f3 sobre el registro de un un deslizamiento de tierra y piedras en el camino que conduce a Ixhuacatla, Huauchinango.<br><br>Seg\u00fan el reporte que emiti\u00f3 la dependencia estatal, este derrumbe afect\u00f3 parcialmente la vialidad, por lo que impidi\u00f3 completamente el tr\u00e1nsito vehicular y peatonal en la zona.<\/p>\n\n\n\n<p>Al respecto, se acudi\u00f3 para atender el reporte con apoyo de una retroexcavadora dispuesta por la autoridad municipal logrando liberar el carril obstruido y restablecer la circulaci\u00f3n de manera segura.<\/p>\n\n\n\n<p>El gobierno del estado de Puebla afirm\u00f3 que mantienen un monitoreo constante en todas las regiones para atender cualquier incidente, pues contin\u00faan present\u00e1ndose lluvias.<\/p>\n\n\n\n<p>Asimismo, emiti\u00f3 una serie de recomendaciones para actuar ante cualquier incidente de este estilo, pues ante el deslizamiento es importante alejarse de pendientes y evitar hacer cortes en terrenos.<\/p>\n\n\n\n<p>En el pron\u00f3stico climatol\u00f3gico, se prev\u00e9n ca\u00edda de agua de moderada a fuerte intensidad, con actividad el\u00e9ctrica, rachas fuertes de viento y posible ca\u00edda de granizo, en Sierras Norte, Nororiental, Negra, Valle de Atlixco, Valle Serd\u00e1n y Angel\u00f3polis.<\/p>\n","protected":false},"excerpt":{"rendered":"<p>Derivado de las recientes lluvias que se presentaron en la entidad poblana, la Coordinaci\u00f3n de Protecci\u00f3n Civil inform\u00f3 sobre el registro de un un deslizamiento de tierra y piedras en el camino que conduce a Ixhuacatla, Huauchinango. Seg\u00fan el reporte que emiti\u00f3 la dependencia estatal, este derrumbe afect\u00f3 parcialmente la vialidad, por lo que impidi\u00f3 [&hellip;]<\/p>\n","protected":false},"author":4,"featured_media":65884,"comment_status":"open","ping_status":"open","sticky":false,"template":"","format":"standard","meta":{"om_disable_all_campaigns":false,"_monsterinsights_skip_tracking":false,"_monsterinsights_sitenote_active":false,"_monsterinsights_sitenote_note":"","_monsterinsights_sitenote_category":0,"footnotes":""},"categories":[175],"tags":[223],"class_list":["post-65883","post","type-post","status-publish","format-standard","has-post-thumbnail","hentry","category-local","tag-puebla"],"amp_enabled":true,"_links":{"self":[{"href":"https:\/\/lahora.mx\/index.php\/wp-json\/wp\/v2\/posts\/65883","targetHints":{"allow":["GET"]}}],"collection":[{"href":"https:\/\/lahora.mx\/index.php\/wp-json\/wp\/v2\/posts"}],"about":[{"href":"https:\/\/lahora.mx\/index.php\/wp-json\/wp\/v2\/types\/post"}],"author":[{"embeddable":true,"href":"https:\/\/lahora.mx\/index.php\/wp-json\/wp\/v2\/users\/4"}],"replies":[{"embeddable":true,"href":"https:\/\/lahora.mx\/index.php\/wp-json\/wp\/v2\/comments?post=65883"}],"version-history":[{"count":1,"href":"https:\/\/lahora.mx\/index.php\/wp-json\/wp\/v2\/posts\/65883\/revisions"}],"predecessor-version":[{"id":65885,"href":"https:\/\/lahora.mx\/index.php\/wp-json\/wp\/v2\/posts\/65883\/revisions\/65885"}],"wp:featuredmedia":[{"embeddable":true,"href":"https:\/\/lahora.mx\/index.php\/wp-json\/wp\/v2\/media\/65884"}],"wp:attachment":[{"href":"https:\/\/lahora.mx\/index.php\/wp-json\/wp\/v2\/media?parent=65883"}],"wp:term":[{"taxonomy":"category","embeddable":true,"href":"https:\/\/lahora.mx\/index.php\/wp-json\/wp\/v2\/categories?post=65883"},{"taxonomy":"post_tag","embeddable":true,"href":"https:\/\/lahora.mx\/index.php\/wp-json\/wp\/v2\/tags?post=65883"}],"curies":[{"name":"wp","href":"https:\/\/api.w.org\/{rel}","templated":true}]}}