{"id":65880,"date":"2025-07-29T00:18:33","date_gmt":"2025-07-29T00:18:33","guid":{"rendered":"https:\/\/lahora.mx\/?p=65880"},"modified":"2025-07-29T00:18:34","modified_gmt":"2025-07-29T00:18:34","slug":"ariadna-ayala-entrego-obras-de-alto-impacto-social-en-metepec","status":"publish","type":"post","link":"https:\/\/lahora.mx\/index.php\/2025\/07\/29\/ariadna-ayala-entrego-obras-de-alto-impacto-social-en-metepec\/","title":{"rendered":"Ariadna Ayala entreg\u00f3 obras de alto impacto social en Metepec"},"content":{"rendered":"\n<p>La presidenta municipal de Atlixco, Ariadna Ayala, regres\u00f3 a la junta auxiliar de Metepec para cumplir un compromiso largamente esperado por la comunidad. Entreg\u00f3 la pavimentaci\u00f3n de la calle Industria Sur, una obra gestionada por a\u00f1os y que hoy se convierte en una realidad, beneficiando directamente a 3 mil 490 habitantes.<br><br>Durante el acto inaugural, la alcaldesa destac\u00f3 que esta acci\u00f3n forma parte del modelo de justicia social, planeaci\u00f3n urbana participativa y bienestar colectivo que impulsa su administraci\u00f3n.<\/p>\n\n\n\n<p>\u201cLas calles pavimentadas no solo transforman el paisaje, transforman la vida de quienes las caminan y las habitan\u201d, expres\u00f3 la presidenta Ariadna Ayala.<\/p>\n\n\n\n<p>La intervenci\u00f3n abarc\u00f3 95 metros lineales con un ancho promedio de 7 metros, e incluy\u00f3 trabajos integrales de urbanizaci\u00f3n como drenaje sanitario, 26 descargas domiciliarias, guarniciones y banquetas, as\u00ed como la instalaci\u00f3n de luminarias solares y se\u00f1alamiento vertical y horizontal, mejorando as\u00ed la seguridad y funcionalidad de esta vialidad.<\/p>\n\n\n\n<p>Esta obra reafirma el compromiso de la presidenta Ariadna Ayala con las comunidades, priorizando necesidades reales y construyendo un entorno m\u00e1s digno, seguro y equitativo para todas y todos.<\/p>\n","protected":false},"excerpt":{"rendered":"<p>La presidenta municipal de Atlixco, Ariadna Ayala, regres\u00f3 a la junta auxiliar de Metepec para cumplir un compromiso largamente esperado por la comunidad. Entreg\u00f3 la pavimentaci\u00f3n de la calle Industria Sur, una obra gestionada por a\u00f1os y que hoy se convierte en una realidad, beneficiando directamente a 3 mil 490 habitantes. Durante el acto inaugural, [&hellip;]<\/p>\n","protected":false},"author":4,"featured_media":65881,"comment_status":"open","ping_status":"open","sticky":false,"template":"","format":"standard","meta":{"om_disable_all_campaigns":false,"_monsterinsights_skip_tracking":false,"_monsterinsights_sitenote_active":false,"_monsterinsights_sitenote_note":"","_monsterinsights_sitenote_category":0,"footnotes":""},"categories":[175],"tags":[223],"class_list":["post-65880","post","type-post","status-publish","format-standard","has-post-thumbnail","hentry","category-local","tag-puebla"],"amp_enabled":true,"_links":{"self":[{"href":"https:\/\/lahora.mx\/index.php\/wp-json\/wp\/v2\/posts\/65880","targetHints":{"allow":["GET"]}}],"collection":[{"href":"https:\/\/lahora.mx\/index.php\/wp-json\/wp\/v2\/posts"}],"about":[{"href":"https:\/\/lahora.mx\/index.php\/wp-json\/wp\/v2\/types\/post"}],"author":[{"embeddable":true,"href":"https:\/\/lahora.mx\/index.php\/wp-json\/wp\/v2\/users\/4"}],"replies":[{"embeddable":true,"href":"https:\/\/lahora.mx\/index.php\/wp-json\/wp\/v2\/comments?post=65880"}],"version-history":[{"count":1,"href":"https:\/\/lahora.mx\/index.php\/wp-json\/wp\/v2\/posts\/65880\/revisions"}],"predecessor-version":[{"id":65882,"href":"https:\/\/lahora.mx\/index.php\/wp-json\/wp\/v2\/posts\/65880\/revisions\/65882"}],"wp:featuredmedia":[{"embeddable":true,"href":"https:\/\/lahora.mx\/index.php\/wp-json\/wp\/v2\/media\/65881"}],"wp:attachment":[{"href":"https:\/\/lahora.mx\/index.php\/wp-json\/wp\/v2\/media?parent=65880"}],"wp:term":[{"taxonomy":"category","embeddable":true,"href":"https:\/\/lahora.mx\/index.php\/wp-json\/wp\/v2\/categories?post=65880"},{"taxonomy":"post_tag","embeddable":true,"href":"https:\/\/lahora.mx\/index.php\/wp-json\/wp\/v2\/tags?post=65880"}],"curies":[{"name":"wp","href":"https:\/\/api.w.org\/{rel}","templated":true}]}}