{"id":6588,"date":"2022-05-06T21:52:47","date_gmt":"2022-05-06T21:52:47","guid":{"rendered":"http:\/\/lahora.mx\/?p=6588"},"modified":"2022-05-06T21:52:47","modified_gmt":"2022-05-06T21:52:47","slug":"lider-del-grupo-que-secuestro-a-sandra-elizabeth-en-amozoc-sigue-libre-comenta-barbosa-huerta","status":"publish","type":"post","link":"https:\/\/lahora.mx\/index.php\/2022\/05\/06\/lider-del-grupo-que-secuestro-a-sandra-elizabeth-en-amozoc-sigue-libre-comenta-barbosa-huerta\/","title":{"rendered":"L\u00edder del grupo que secuestr\u00f3 a Sandra Elizabeth en Amozoc sigue libre comenta Barbosa Huerta"},"content":{"rendered":"\n<p>Hasta el momento, la cifra de detenciones hechas en torno al&nbsp;<strong>caso de Sandra Elizabeth P\u00e9rez<\/strong>, la mujer que fue&nbsp;<strong>secuestrada en Amozoc,&nbsp;<\/strong>durante los \u00faltimos d\u00edas de abril, y que hoy sigue sin ser encontrada, es de siete; sin embargo,<strong>&nbsp;las autoridades mantienen la indagatoria sobre el paradero del l\u00edder del grupo delincuencial<\/strong>&nbsp;que&nbsp;<strong>coordin\u00f3 el il\u00edcito<\/strong>, inform\u00f3 el gobernador del estado, Miguel Barbosa Huerta.<\/p>\n\n\n\n<p>Lo anterior lo se\u00f1al\u00f3 el mandatario a trav\u00e9s de su habitual rueda de prensa del 6 de mayo. Asegur\u00f3 que la<strong>\u00a0Fiscal\u00eda General del Estado<\/strong>\u00a0(FGE) identific\u00f3 a los integrantes de una banda dedicada al secuestro\u00a0la cual se presume,\u00a0<strong>son los coautores del secuestro de la joven poblana.<\/strong>\u00a0Aunque celebr\u00f3 los arrestos, asegur\u00f3 que hay una persona que se encuentra todav\u00eda en libertad.<br><\/p>\n\n\n\n<p><strong><em>Los hechos no se pueden decir porque es muy complicado (&#8230;). Las investigaciones deben tener una secrec\u00eda absoluta (&#8230;). Ya se hizo alrededor de esa detenci\u00f3n (&#8230;) toda una investigaci\u00f3n, [pero] falta el jefe de ese grupo que tenemos identificado. Tenemos que llegar a fondo\u201d,<\/em><\/strong>&nbsp;sentenci\u00f3.<\/p>\n\n\n\n<p>Opin\u00f3 que en la entidad la visi\u00f3n de justicia es real y asegur\u00f3 que existe coordinaci\u00f3n permanente entre el gabinete estatal y la FGE:&nbsp;<strong>\u201cA\u00fan cuando las investigaciones de los hechos delictivos corresponden a un \u00f3rgano constitucional aut\u00f3nomo (&#8230;) tenemos un di\u00e1logo y una coordinaci\u00f3n con la Fiscal\u00eda muy eficiente\u201d.<\/strong><\/p>\n\n\n\n<p>Asimismo, envi\u00f3 un mensaje a la familia de Sandra Elizabeth, en el que presumi\u00f3 que \u201cen Puebla las cosas se hacen y no solamente se dicen\u201d.\u00a0<strong>\u201cLe mando un abrazo a los pap\u00e1s y a los familiares de Sandra\u201d,\u00a0<\/strong>concluy\u00f3.<br><\/p>\n\n\n\n<h2 class=\"wp-block-heading\"><strong>M\u00c1S DE UNA SEMANA DESAPARECIDA<\/strong><\/h2>\n\n\n\n<p><strong>Sandra, de 32 a\u00f1os de edad y licenciada en Enfermer\u00eda por la BUAP<\/strong>, fue reportada como desaparecida desde el 27 de abril. Fue a trav\u00e9s de un<strong>&nbsp;video captado por una c\u00e1mara de seguridad, que se corrobor\u00f3 que el hecho corresponde a un presunto secuestro,&nbsp;<\/strong>pues la joven fue perseguida y subida contra su voluntad a un veh\u00edculo en calles de la colonia Signore de San Salvador Chachapa, junta auxiliar de Amozoc.<\/p>\n\n\n\n<p>Desde entonces, familiares, colectivas feministas y vecinos,<strong>&nbsp;se han organizado para realizar bloqueos y manifestaciones<\/strong>&nbsp;con el objetivo de que se d\u00e9 con el paradero de la joven profesionista. Apenas el 3 de mayo, se convoc\u00f3 a una b\u00fasqueda por Sandra en diversos predios bald\u00edos de esa comunidad.<\/p>\n\n\n\n<p>Es importante mencionar que, de acuerdo con cifras de la FGE, de enero a marzo de 2022 se han abierto cuatro carpetas de investigaci\u00f3n por el delito de secuestro, todos tipificados como secuestro extorsivo, en todo Puebla. Esto represent\u00f3 un incremento del 100 por ciento respecto a lo vivido en el mismo periodo del a\u00f1o anterior, cuando s\u00f3lo se ten\u00edan dos casos por este il\u00edcito.<\/p>\n","protected":false},"excerpt":{"rendered":"<p>Hasta el momento, la cifra de detenciones hechas en torno al&nbsp;caso de Sandra Elizabeth P\u00e9rez, la mujer que fue&nbsp;secuestrada en Amozoc,&nbsp;durante los \u00faltimos d\u00edas de abril, y que hoy sigue sin ser encontrada, es de siete; sin embargo,&nbsp;las autoridades mantienen la indagatoria sobre el paradero del l\u00edder del grupo delincuencial&nbsp;que&nbsp;coordin\u00f3 el il\u00edcito, inform\u00f3 el gobernador [&hellip;]<\/p>\n","protected":false},"author":4,"featured_media":6589,"comment_status":"open","ping_status":"open","sticky":false,"template":"","format":"standard","meta":{"om_disable_all_campaigns":false,"_monsterinsights_skip_tracking":false,"_monsterinsights_sitenote_active":false,"_monsterinsights_sitenote_note":"","_monsterinsights_sitenote_category":0,"footnotes":""},"categories":[175],"tags":[195,223],"class_list":["post-6588","post","type-post","status-publish","format-standard","has-post-thumbnail","hentry","category-local","tag-principal","tag-puebla"],"amp_enabled":true,"_links":{"self":[{"href":"https:\/\/lahora.mx\/index.php\/wp-json\/wp\/v2\/posts\/6588","targetHints":{"allow":["GET"]}}],"collection":[{"href":"https:\/\/lahora.mx\/index.php\/wp-json\/wp\/v2\/posts"}],"about":[{"href":"https:\/\/lahora.mx\/index.php\/wp-json\/wp\/v2\/types\/post"}],"author":[{"embeddable":true,"href":"https:\/\/lahora.mx\/index.php\/wp-json\/wp\/v2\/users\/4"}],"replies":[{"embeddable":true,"href":"https:\/\/lahora.mx\/index.php\/wp-json\/wp\/v2\/comments?post=6588"}],"version-history":[{"count":1,"href":"https:\/\/lahora.mx\/index.php\/wp-json\/wp\/v2\/posts\/6588\/revisions"}],"predecessor-version":[{"id":6590,"href":"https:\/\/lahora.mx\/index.php\/wp-json\/wp\/v2\/posts\/6588\/revisions\/6590"}],"wp:featuredmedia":[{"embeddable":true,"href":"https:\/\/lahora.mx\/index.php\/wp-json\/wp\/v2\/media\/6589"}],"wp:attachment":[{"href":"https:\/\/lahora.mx\/index.php\/wp-json\/wp\/v2\/media?parent=6588"}],"wp:term":[{"taxonomy":"category","embeddable":true,"href":"https:\/\/lahora.mx\/index.php\/wp-json\/wp\/v2\/categories?post=6588"},{"taxonomy":"post_tag","embeddable":true,"href":"https:\/\/lahora.mx\/index.php\/wp-json\/wp\/v2\/tags?post=6588"}],"curies":[{"name":"wp","href":"https:\/\/api.w.org\/{rel}","templated":true}]}}