{"id":65859,"date":"2025-07-28T21:16:01","date_gmt":"2025-07-28T21:16:01","guid":{"rendered":"https:\/\/lahora.mx\/?p=65859"},"modified":"2025-07-28T21:16:02","modified_gmt":"2025-07-28T21:16:02","slug":"paralizan-transportistas-de-la-amotac-carreteras-en-puebla","status":"publish","type":"post","link":"https:\/\/lahora.mx\/index.php\/2025\/07\/28\/paralizan-transportistas-de-la-amotac-carreteras-en-puebla\/","title":{"rendered":"Paralizan transportistas de la AMOTAC carreteras en Puebla"},"content":{"rendered":"\n<p>Las primeras horas de este lunes se convirtieron en un infierno sobre ruedas para miles de automovilistas poblanos, tras una protesta de la Alianza Mexicana de Organizaci\u00f3n de Transportistas (AMOTAC).<\/p>\n\n\n\n<p>Sus integrantes salieron con una consigna clara de exigir seguridad en las carreteras y lo hicieron como m\u00e1s fuerte se escucha en M\u00e9xico, bloqueando.<\/p>\n\n\n\n<p>La protesta fue contundente en al menos diez puntos neur\u00e1lgicos del estado que quedaron colapsados, como son la autopista M\u00e9xico-Puebla, el Perif\u00e9rico Ecol\u00f3gico, la V\u00eda Atlixc\u00e1yotl, la federal a El Seco y la carretera a Huejotzingo.<\/p>\n\n\n\n<p>Dichas vialidades se convirtieron estacionamientos al ser bloqueados por camiones de carga atravesados, motores apagados y choferes decididos a no moverse.<\/p>\n\n\n\n<p>La AMOTAC alz\u00f3 la voz contra una realidad que los ha colocado en la mira del crimen organizado, con asaltos, extorsiones, robo de mercanc\u00eda y asesinatos.<\/p>\n\n\n\n<p>\u201cTodos los d\u00edas sufrimos violencia. Y nadie hace nada\u201d, expresaron representantes del gremio en un comunicado difundido en redes sociales.<\/p>\n\n\n\n<p>Incluso, automovilistas en su desesperaci\u00f3n, decidieron tomar los carriles contrarios para escapar del embotellamiento.<\/p>\n\n\n\n<p>En algunos casos, como en la autopista M\u00e9xico-Puebla a la altura del Outlet, automovilistas desesperados intentaron avanzar en sentido contrario para evadir el congestionamiento.<\/p>\n\n\n\n<p>Los bloqueos afectaron rutas estrat\u00e9gicas no solo en Puebla, sino tambi\u00e9n en los accesos hacia otros estados.<\/p>\n\n\n\n<p>La organizaci\u00f3n no descart\u00f3 nuevas movilizaciones en las pr\u00f3ximas horas, mientras no se establezca un compromiso claro por parte del gobierno.<\/p>\n\n\n\n<p>Por su parte, autoridades estatales desplegaron elementos de seguridad en los puntos bloqueados para evitar confrontaciones y monitorear la situaci\u00f3n.<\/p>\n\n\n\n<p>Caminos y Puentes Federales (CAPUFE) recomend\u00f3 el uso de rutas alternas como el Puente La Concordia para quienes se dirigen a Puebla, o la caseta San Marcos en direcci\u00f3n a la Ciudad de M\u00e9xico.<\/p>\n\n\n\n<p>Hasta el momento, no se ha informado sobre acuerdos o mesas de negociaci\u00f3n entre AMOTAC y autoridades federales o estatales, mientras la situaci\u00f3n se mantiene y se recomienda a los automovilistas evitar las zonas afectadas y mantenerse informados a trav\u00e9s de fuentes oficiales.<\/p>\n","protected":false},"excerpt":{"rendered":"<p>Las primeras horas de este lunes se convirtieron en un infierno sobre ruedas para miles de automovilistas poblanos, tras una protesta de la Alianza Mexicana de Organizaci\u00f3n de Transportistas (AMOTAC). Sus integrantes salieron con una consigna clara de exigir seguridad en las carreteras y lo hicieron como m\u00e1s fuerte se escucha en M\u00e9xico, bloqueando. La [&hellip;]<\/p>\n","protected":false},"author":4,"featured_media":65860,"comment_status":"open","ping_status":"open","sticky":false,"template":"","format":"standard","meta":{"om_disable_all_campaigns":false,"_monsterinsights_skip_tracking":false,"_monsterinsights_sitenote_active":false,"_monsterinsights_sitenote_note":"","_monsterinsights_sitenote_category":0,"footnotes":""},"categories":[175],"tags":[195,223],"class_list":["post-65859","post","type-post","status-publish","format-standard","has-post-thumbnail","hentry","category-local","tag-principal","tag-puebla"],"amp_enabled":true,"_links":{"self":[{"href":"https:\/\/lahora.mx\/index.php\/wp-json\/wp\/v2\/posts\/65859","targetHints":{"allow":["GET"]}}],"collection":[{"href":"https:\/\/lahora.mx\/index.php\/wp-json\/wp\/v2\/posts"}],"about":[{"href":"https:\/\/lahora.mx\/index.php\/wp-json\/wp\/v2\/types\/post"}],"author":[{"embeddable":true,"href":"https:\/\/lahora.mx\/index.php\/wp-json\/wp\/v2\/users\/4"}],"replies":[{"embeddable":true,"href":"https:\/\/lahora.mx\/index.php\/wp-json\/wp\/v2\/comments?post=65859"}],"version-history":[{"count":1,"href":"https:\/\/lahora.mx\/index.php\/wp-json\/wp\/v2\/posts\/65859\/revisions"}],"predecessor-version":[{"id":65861,"href":"https:\/\/lahora.mx\/index.php\/wp-json\/wp\/v2\/posts\/65859\/revisions\/65861"}],"wp:featuredmedia":[{"embeddable":true,"href":"https:\/\/lahora.mx\/index.php\/wp-json\/wp\/v2\/media\/65860"}],"wp:attachment":[{"href":"https:\/\/lahora.mx\/index.php\/wp-json\/wp\/v2\/media?parent=65859"}],"wp:term":[{"taxonomy":"category","embeddable":true,"href":"https:\/\/lahora.mx\/index.php\/wp-json\/wp\/v2\/categories?post=65859"},{"taxonomy":"post_tag","embeddable":true,"href":"https:\/\/lahora.mx\/index.php\/wp-json\/wp\/v2\/tags?post=65859"}],"curies":[{"name":"wp","href":"https:\/\/api.w.org\/{rel}","templated":true}]}}