{"id":65856,"date":"2025-07-28T21:13:20","date_gmt":"2025-07-28T21:13:20","guid":{"rendered":"https:\/\/lahora.mx\/?p=65856"},"modified":"2025-07-28T21:13:21","modified_gmt":"2025-07-28T21:13:21","slug":"cae-comandante-de-la-fge-por-presunta-complicidad-en-desapariciones-con-el-patuleco","status":"publish","type":"post","link":"https:\/\/lahora.mx\/index.php\/2025\/07\/28\/cae-comandante-de-la-fge-por-presunta-complicidad-en-desapariciones-con-el-patuleco\/","title":{"rendered":"Cae comandante de la FGE por presunta complicidad en desapariciones con \u201cEl Patuleco\u201d"},"content":{"rendered":"\n<p>Tras las recientes investigaciones por la desaparici\u00f3n de m\u00e1s de 10 personas en la zona metropolitana de Puebla, autoridades ministeriales detuvieron esta ma\u00f1ana en la colonia El Carmen a Alejandro Macuil Tlahuetl, comandante de la Unidad de Investigaci\u00f3n de la Fiscal\u00eda Especializada en Desaparici\u00f3n de Personas, toda vez que, presuntamente, manten\u00eda nexos con el l\u00edder criminal Federico \u201cN\u201d, \u201cEl Patuleco\u201d, quien estar\u00eda detr\u00e1s de todas estas desapariciones desde el 2023.<\/p>\n\n\n\n<p>En el Registro Nacional de Detenciones, se confirm\u00f3 la captura de Alejandro Macuil Tlahuetl, quien se desempe\u00f1aba como comandante de la Unidad de Investigaci\u00f3n de Desaparecidos de la Fiscal\u00eda de Puebla.<\/p>\n\n\n\n<p>Dicha detenci\u00f3n, ocurri\u00f3 al filo de las 10:57 horas en la colonia El Carmen, sobre la calle 16 de septiembre, entre la 31 y 29 Oriente.<\/p>\n\n\n\n<p>De acuerdo a lo informado por fuentes al interior de la corporaci\u00f3n, la detenci\u00f3n de Macuil Tlahuetl se dio tras una investigaci\u00f3n por supuestos v\u00ednculos con Federico \u201cN\u201d, \u201cEl Patuleco\u201d, quien estar\u00eda detr\u00e1s de una serie de desapariciones cometidas en la zona metropolitana de Puebla, principalmente, San Pedro Cholula, Coronango y Puebla, desde el 2023.<\/p>\n\n\n\n<p>Con base a lo referido por el Registro Nacional de Detenciones, Macuil Tlahuetl fue trasladado a la Casa de Justicia de San Andr\u00e9s Cholula.<\/p>\n","protected":false},"excerpt":{"rendered":"<p>Tras las recientes investigaciones por la desaparici\u00f3n de m\u00e1s de 10 personas en la zona metropolitana de Puebla, autoridades ministeriales detuvieron esta ma\u00f1ana en la colonia El Carmen a Alejandro Macuil Tlahuetl, comandante de la Unidad de Investigaci\u00f3n de la Fiscal\u00eda Especializada en Desaparici\u00f3n de Personas, toda vez que, presuntamente, manten\u00eda nexos con el l\u00edder [&hellip;]<\/p>\n","protected":false},"author":4,"featured_media":65857,"comment_status":"open","ping_status":"open","sticky":false,"template":"","format":"standard","meta":{"om_disable_all_campaigns":false,"_monsterinsights_skip_tracking":false,"_monsterinsights_sitenote_active":false,"_monsterinsights_sitenote_note":"","_monsterinsights_sitenote_category":0,"footnotes":""},"categories":[175,226],"tags":[234,195],"class_list":["post-65856","post","type-post","status-publish","format-standard","has-post-thumbnail","hentry","category-local","category-policia","tag-cholula","tag-principal"],"amp_enabled":true,"_links":{"self":[{"href":"https:\/\/lahora.mx\/index.php\/wp-json\/wp\/v2\/posts\/65856","targetHints":{"allow":["GET"]}}],"collection":[{"href":"https:\/\/lahora.mx\/index.php\/wp-json\/wp\/v2\/posts"}],"about":[{"href":"https:\/\/lahora.mx\/index.php\/wp-json\/wp\/v2\/types\/post"}],"author":[{"embeddable":true,"href":"https:\/\/lahora.mx\/index.php\/wp-json\/wp\/v2\/users\/4"}],"replies":[{"embeddable":true,"href":"https:\/\/lahora.mx\/index.php\/wp-json\/wp\/v2\/comments?post=65856"}],"version-history":[{"count":1,"href":"https:\/\/lahora.mx\/index.php\/wp-json\/wp\/v2\/posts\/65856\/revisions"}],"predecessor-version":[{"id":65858,"href":"https:\/\/lahora.mx\/index.php\/wp-json\/wp\/v2\/posts\/65856\/revisions\/65858"}],"wp:featuredmedia":[{"embeddable":true,"href":"https:\/\/lahora.mx\/index.php\/wp-json\/wp\/v2\/media\/65857"}],"wp:attachment":[{"href":"https:\/\/lahora.mx\/index.php\/wp-json\/wp\/v2\/media?parent=65856"}],"wp:term":[{"taxonomy":"category","embeddable":true,"href":"https:\/\/lahora.mx\/index.php\/wp-json\/wp\/v2\/categories?post=65856"},{"taxonomy":"post_tag","embeddable":true,"href":"https:\/\/lahora.mx\/index.php\/wp-json\/wp\/v2\/tags?post=65856"}],"curies":[{"name":"wp","href":"https:\/\/api.w.org\/{rel}","templated":true}]}}