{"id":65852,"date":"2025-07-28T17:36:17","date_gmt":"2025-07-28T17:36:17","guid":{"rendered":"https:\/\/lahora.mx\/?p=65852"},"modified":"2025-07-28T17:36:18","modified_gmt":"2025-07-28T17:36:18","slug":"transportistas-bloquean-carreteras-de-puebla","status":"publish","type":"post","link":"https:\/\/lahora.mx\/index.php\/2025\/07\/28\/transportistas-bloquean-carreteras-de-puebla\/","title":{"rendered":"Transportistas bloquean carreteras de Puebla"},"content":{"rendered":"\n<p>Integrantes de la Alianza Mexicana de Organizaci\u00f3n de Transportistas A.C. (AMOTAC) anunciaron bloqueos en al menos diez carreteras de Puebla como medida de presi\u00f3n ante la falta de condiciones seguras y los constantes abusos de autoridades estatales y federales.<\/p>\n\n\n\n<p>Los cierres, de car\u00e1cter indefinido, comenzaron este lunes 28 de julio, afectando tramos clave para la conectividad regional y nacional.<\/p>\n\n\n\n<p>Andy Rossini Mart\u00ednez, delegado de AMOTAC en Puebla, indic\u00f3 que la protesta obedece al incremento de robos violentos, muchos de ellos a plena luz del d\u00eda.<\/p>\n\n\n\n<p>Denunci\u00f3 adem\u00e1s la presencia de patrullas clonadas y la supuesta complicidad de autoridades, lo que agrava la situaci\u00f3n para quienes dependen del transporte de carga.<\/p>\n\n\n\n<p><\/p>\n\n\n\n<p>Entre los puntos afectados se encuentran la carretera M\u00e9xico-Puebla, a la altura de Los Cochinitos, la v\u00eda corta a Chiautempan, as\u00ed como tramos en Cuacnopalan, Alchichica, El Seco, Teziutl\u00e1n, Guadalupe Victoria, y accesos a Zacatl\u00e1n y Ciudad Serd\u00e1n.<\/p>\n\n\n\n<p>Tambi\u00e9n se reportaron bloqueos en la pista Tlaxcala-Puebla y en la federal a la altura de Juan C. Bonilla.<\/p>\n\n\n\n<p>Rossini Mart\u00ednez se\u00f1al\u00f3 que, pese a haber participado en mesas de trabajo, no han recibido respuestas efectivas, y critic\u00f3 a la Secretar\u00eda de Movilidad por priorizar medidas recaudatorias, como las c\u00e1maras de monitoreo, en lugar de atacar la ra\u00edz del problema: la inseguridad en las rutas.<\/p>\n\n\n\n<p>La organizaci\u00f3n exigi\u00f3 la instalaci\u00f3n inmediata de una mesa de di\u00e1logo con funcionarios de primer nivel. Adelant\u00f3 que los cierres continuar\u00e1n hasta recibir una respuesta concreta. Incluso advirti\u00f3 que la movilizaci\u00f3n podr\u00eda escalar a nivel nacional si no hay acuerdos.<\/p>\n\n\n\n<p>La protesta, que involucra tanto v\u00edas estatales como federales, ha provocado importantes afectaciones a miles de automovilistas y operadores del transporte que transitan por estas rutas diariamente.<\/p>\n\n\n\n<p>Se recomienda a la ciudadan\u00eda tomar v\u00edas alternas y mantenerse informada, ya que los puntos de cierre pueden variar o ampliarse durante el d\u00eda.<\/p>\n\n\n\n<p>Transportistas denuncian extorsi\u00f3n y estigmatizaci\u00f3n<\/p>\n\n\n\n<p>Adem\u00e1s de los robos, los transportistas inconformes denunciaron extorsiones por parte de cuerpos de seguridad. Aseguraron que, bajo pretextos como supuestas irregularidades o revisiones de rutina, son detenidos arbitrariamente.<\/p>\n\n\n\n<p>Tambi\u00e9n lament\u00f3 que su trabajo sea constantemente criminalizado, pese a que forman parte esencial de la econom\u00eda nacional.<\/p>\n\n\n\n<p>Finalmente, la AMOTAC llam\u00f3 a la poblaci\u00f3n a solidarizarse con el movimiento. Reiteraron que los bloqueos no buscan perjudicar a la gente, sino presionar a las autoridades para que act\u00faen con responsabilidad.<\/p>\n","protected":false},"excerpt":{"rendered":"<p>Integrantes de la Alianza Mexicana de Organizaci\u00f3n de Transportistas A.C. (AMOTAC) anunciaron bloqueos en al menos diez carreteras de Puebla como medida de presi\u00f3n ante la falta de condiciones seguras y los constantes abusos de autoridades estatales y federales. Los cierres, de car\u00e1cter indefinido, comenzaron este lunes 28 de julio, afectando tramos clave para la [&hellip;]<\/p>\n","protected":false},"author":4,"featured_media":65854,"comment_status":"open","ping_status":"open","sticky":false,"template":"","format":"standard","meta":{"om_disable_all_campaigns":false,"_monsterinsights_skip_tracking":false,"_monsterinsights_sitenote_active":false,"_monsterinsights_sitenote_note":"","_monsterinsights_sitenote_category":0,"footnotes":""},"categories":[175],"tags":[195,223],"class_list":["post-65852","post","type-post","status-publish","format-standard","has-post-thumbnail","hentry","category-local","tag-principal","tag-puebla"],"amp_enabled":true,"_links":{"self":[{"href":"https:\/\/lahora.mx\/index.php\/wp-json\/wp\/v2\/posts\/65852","targetHints":{"allow":["GET"]}}],"collection":[{"href":"https:\/\/lahora.mx\/index.php\/wp-json\/wp\/v2\/posts"}],"about":[{"href":"https:\/\/lahora.mx\/index.php\/wp-json\/wp\/v2\/types\/post"}],"author":[{"embeddable":true,"href":"https:\/\/lahora.mx\/index.php\/wp-json\/wp\/v2\/users\/4"}],"replies":[{"embeddable":true,"href":"https:\/\/lahora.mx\/index.php\/wp-json\/wp\/v2\/comments?post=65852"}],"version-history":[{"count":1,"href":"https:\/\/lahora.mx\/index.php\/wp-json\/wp\/v2\/posts\/65852\/revisions"}],"predecessor-version":[{"id":65855,"href":"https:\/\/lahora.mx\/index.php\/wp-json\/wp\/v2\/posts\/65852\/revisions\/65855"}],"wp:featuredmedia":[{"embeddable":true,"href":"https:\/\/lahora.mx\/index.php\/wp-json\/wp\/v2\/media\/65854"}],"wp:attachment":[{"href":"https:\/\/lahora.mx\/index.php\/wp-json\/wp\/v2\/media?parent=65852"}],"wp:term":[{"taxonomy":"category","embeddable":true,"href":"https:\/\/lahora.mx\/index.php\/wp-json\/wp\/v2\/categories?post=65852"},{"taxonomy":"post_tag","embeddable":true,"href":"https:\/\/lahora.mx\/index.php\/wp-json\/wp\/v2\/tags?post=65852"}],"curies":[{"name":"wp","href":"https:\/\/api.w.org\/{rel}","templated":true}]}}