{"id":65814,"date":"2025-07-27T17:57:08","date_gmt":"2025-07-27T17:57:08","guid":{"rendered":"https:\/\/lahora.mx\/?p=65814"},"modified":"2025-07-27T17:57:09","modified_gmt":"2025-07-27T17:57:09","slug":"becas-de-conectividad-fortalecen-bienestar-educativo-de-jovenes-poblanos","status":"publish","type":"post","link":"https:\/\/lahora.mx\/index.php\/2025\/07\/27\/becas-de-conectividad-fortalecen-bienestar-educativo-de-jovenes-poblanos\/","title":{"rendered":"Becas de Conectividad fortalecen bienestar educativo de j\u00f3venes poblanos"},"content":{"rendered":"\n<p>En un acto conjunto por la educaci\u00f3n, el bienestar y la seguridad, el gobernador de Puebla, Alejandro Armenta, presidi\u00f3 la entrega de Becas de Conectividad para el Bienestar, programa impulsado por la presidenta de M\u00e9xico, Claudia Sheinbaum, que busca garantizar el acceso digital a j\u00f3venes de entre 15 y 29 a\u00f1os en situaci\u00f3n de vulnerabilidad.<br><br>Durante su mensaje, el mandatario destac\u00f3 que m\u00e1s de 90 mil j\u00f3venes en todo el estado ya cuentan con esta beca, la cual incluye datos m\u00f3viles, acceso a plataformas educativas y bibliotecas digitales.<\/p>\n\n\n\n<p>\u201cEsta tarjeta es un acto de justicia. Significa seguridad para los padres y bienestar para los hijos, porque permite saber d\u00f3nde est\u00e1n, y al mismo tiempo, les brinda acceso a informaci\u00f3n y conocimiento\u201d, afirm\u00f3.<\/p>\n\n\n\n<p>Estudiantes como David Rojas, Mar\u00eda Gonz\u00e1lez y Wendy Camacho, del CONALEP, recibieron sus tarjetas en mano del gobernador, en un gesto que subray\u00f3 la cercan\u00eda del gobierno con la juventud. Estas becas, que estar\u00e1n vigentes hasta el 31 de diciembre de 2025, representan una herramienta concreta para cerrar la brecha digital en comunidades donde el acceso a internet es limitado o inexistente.<\/p>\n\n\n\n<p>El secretario de Gobernaci\u00f3n, Samuel Aguilar Pala, reconoci\u00f3 el liderazgo de la presidenta Sheinbaum y del gobernador Armenta por acercar pol\u00edticas p\u00fablicas con rostro humano a cada rinc\u00f3n de Puebla. \u201cAmbos representan un gobierno sensible, que escucha y act\u00faa. La conectividad no es un lujo, es una necesidad b\u00e1sica para el desarrollo de nuestros j\u00f3venes\u201d, afirm\u00f3.<\/p>\n\n\n\n<p>La entrega de las becas se realiz\u00f3 en el marco de una jornada integral que tambi\u00e9n incluy\u00f3 apoyos al campo, obra comunitaria, becas alimentarias y equipos ortop\u00e9dicos. Bajo el lema \u201cLo que amas, lo cuidas\u201d, el gobierno estatal reafirm\u00f3 su compromiso con una transformaci\u00f3n centrada en la seguridad con bienestar.<\/p>\n","protected":false},"excerpt":{"rendered":"<p>En un acto conjunto por la educaci\u00f3n, el bienestar y la seguridad, el gobernador de Puebla, Alejandro Armenta, presidi\u00f3 la entrega de Becas de Conectividad para el Bienestar, programa impulsado por la presidenta de M\u00e9xico, Claudia Sheinbaum, que busca garantizar el acceso digital a j\u00f3venes de entre 15 y 29 a\u00f1os en situaci\u00f3n de vulnerabilidad. [&hellip;]<\/p>\n","protected":false},"author":4,"featured_media":65815,"comment_status":"open","ping_status":"open","sticky":false,"template":"","format":"standard","meta":{"om_disable_all_campaigns":false,"_monsterinsights_skip_tracking":false,"_monsterinsights_sitenote_active":false,"_monsterinsights_sitenote_note":"","_monsterinsights_sitenote_category":0,"footnotes":""},"categories":[175],"tags":[195,223],"class_list":["post-65814","post","type-post","status-publish","format-standard","has-post-thumbnail","hentry","category-local","tag-principal","tag-puebla"],"amp_enabled":true,"_links":{"self":[{"href":"https:\/\/lahora.mx\/index.php\/wp-json\/wp\/v2\/posts\/65814","targetHints":{"allow":["GET"]}}],"collection":[{"href":"https:\/\/lahora.mx\/index.php\/wp-json\/wp\/v2\/posts"}],"about":[{"href":"https:\/\/lahora.mx\/index.php\/wp-json\/wp\/v2\/types\/post"}],"author":[{"embeddable":true,"href":"https:\/\/lahora.mx\/index.php\/wp-json\/wp\/v2\/users\/4"}],"replies":[{"embeddable":true,"href":"https:\/\/lahora.mx\/index.php\/wp-json\/wp\/v2\/comments?post=65814"}],"version-history":[{"count":1,"href":"https:\/\/lahora.mx\/index.php\/wp-json\/wp\/v2\/posts\/65814\/revisions"}],"predecessor-version":[{"id":65816,"href":"https:\/\/lahora.mx\/index.php\/wp-json\/wp\/v2\/posts\/65814\/revisions\/65816"}],"wp:featuredmedia":[{"embeddable":true,"href":"https:\/\/lahora.mx\/index.php\/wp-json\/wp\/v2\/media\/65815"}],"wp:attachment":[{"href":"https:\/\/lahora.mx\/index.php\/wp-json\/wp\/v2\/media?parent=65814"}],"wp:term":[{"taxonomy":"category","embeddable":true,"href":"https:\/\/lahora.mx\/index.php\/wp-json\/wp\/v2\/categories?post=65814"},{"taxonomy":"post_tag","embeddable":true,"href":"https:\/\/lahora.mx\/index.php\/wp-json\/wp\/v2\/tags?post=65814"}],"curies":[{"name":"wp","href":"https:\/\/api.w.org\/{rel}","templated":true}]}}