{"id":65805,"date":"2025-07-27T17:52:05","date_gmt":"2025-07-27T17:52:05","guid":{"rendered":"https:\/\/lahora.mx\/?p=65805"},"modified":"2025-07-27T17:52:06","modified_gmt":"2025-07-27T17:52:06","slug":"cuando-sera-el-primer-pago-de-la-beca-rita-cetina-del-nuevo-ciclo-escolar","status":"publish","type":"post","link":"https:\/\/lahora.mx\/index.php\/2025\/07\/27\/cuando-sera-el-primer-pago-de-la-beca-rita-cetina-del-nuevo-ciclo-escolar\/","title":{"rendered":"\u00bfCu\u00e1ndo ser\u00e1 el primer pago de la Beca Rita Cetina del nuevo ciclo escolar?"},"content":{"rendered":"\n<p>El primer pago de la Beca Rita Cetina 2025 se realizar\u00e1 en octubre y corresponde al bimestre septiembre-octubre. El programa, dirigido a estudiantes de secundaria inscritos en escuelas p\u00fablicas de M\u00e9xico, forma parte de una estrategia nacional para evitar la deserci\u00f3n escolar en adolescentes.<\/p>\n\n\n\n<p>La Secretar\u00eda de Educaci\u00f3n P\u00fablica (SEP) y el Gobierno de M\u00e9xico coordinan la entrega de este apoyo econ\u00f3mico, que asciende a mil 900 pesos por familia. Si en el mismo hogar hay m\u00e1s de un estudiante en secundaria, se otorgan 700 pesos adicionales por cada alumno extra.<\/p>\n\n\n\n<p>De acuerdo con el calendario preliminar, los dep\u00f3sitos se realizar\u00e1n de forma escalonada seg\u00fan la inicial del apellido paterno del estudiante. Las familias con hijos cuyos apellidos comienzan con A, B, C, D o E ser\u00e1n las primeras en recibir el recurso.<\/p>\n\n\n\n<p>El programa no contempla pagos en julio ni agosto debido al receso escolar de verano. Por ello, octubre marca el inicio del nuevo ciclo de dep\u00f3sitos.<\/p>\n\n\n\n<p>Para recibir el apoyo sin contratiempos, es necesario que los beneficiarios mantengan activa su Tarjeta del Bienestar y verifiquen que su informaci\u00f3n est\u00e9 actualizada en el sistema del programa. Una vez que se publique el calendario oficial, tambi\u00e9n se podr\u00e1 consultar el Buscador de Estatus en l\u00ednea.<\/p>\n\n\n\n<p>La Beca Rita Cetina est\u00e1 vinculada al registro en el programa \u201cMi Beca para Empezar\u201d, por lo que si un estudiante ingresa a secundaria este ciclo escolar y se inscribe en una escuela p\u00fablica de la Ciudad de M\u00e9xico, podr\u00e1 seguir recibiendo el apoyo, siempre que actualice sus datos.<\/p>\n\n\n\n<p>Adem\u00e1s del pago bimestral, los alumnos registrados en ese sistema tambi\u00e9n reciben un dep\u00f3sito anual por concepto de Uniformes y \u00datiles Escolares, cuyos montos este a\u00f1o fueron de mil 180 pesos para secundaria.<\/p>\n\n\n\n<p>Este programa representa una herramienta para que miles de familias enfrenten los gastos escolares sin comprometer la educaci\u00f3n de sus hijos. La beca busca que los estudiantes permanezcan en las aulas y concluyan su formaci\u00f3n b\u00e1sica.<\/p>\n\n\n\n<p>Para m\u00e1s informaci\u00f3n o dudas sobre el proceso, las autoridades invitan a consultar los canales oficiales de la SEP o del programa social correspondiente.<\/p>\n","protected":false},"excerpt":{"rendered":"<p>El primer pago de la Beca Rita Cetina 2025 se realizar\u00e1 en octubre y corresponde al bimestre septiembre-octubre. El programa, dirigido a estudiantes de secundaria inscritos en escuelas p\u00fablicas de M\u00e9xico, forma parte de una estrategia nacional para evitar la deserci\u00f3n escolar en adolescentes. La Secretar\u00eda de Educaci\u00f3n P\u00fablica (SEP) y el Gobierno de M\u00e9xico [&hellip;]<\/p>\n","protected":false},"author":4,"featured_media":65806,"comment_status":"open","ping_status":"open","sticky":false,"template":"","format":"standard","meta":{"om_disable_all_campaigns":false,"_monsterinsights_skip_tracking":false,"_monsterinsights_sitenote_active":false,"_monsterinsights_sitenote_note":"","_monsterinsights_sitenote_category":0,"footnotes":""},"categories":[176],"tags":[195],"class_list":["post-65805","post","type-post","status-publish","format-standard","has-post-thumbnail","hentry","category-nacional","tag-principal"],"amp_enabled":true,"_links":{"self":[{"href":"https:\/\/lahora.mx\/index.php\/wp-json\/wp\/v2\/posts\/65805","targetHints":{"allow":["GET"]}}],"collection":[{"href":"https:\/\/lahora.mx\/index.php\/wp-json\/wp\/v2\/posts"}],"about":[{"href":"https:\/\/lahora.mx\/index.php\/wp-json\/wp\/v2\/types\/post"}],"author":[{"embeddable":true,"href":"https:\/\/lahora.mx\/index.php\/wp-json\/wp\/v2\/users\/4"}],"replies":[{"embeddable":true,"href":"https:\/\/lahora.mx\/index.php\/wp-json\/wp\/v2\/comments?post=65805"}],"version-history":[{"count":1,"href":"https:\/\/lahora.mx\/index.php\/wp-json\/wp\/v2\/posts\/65805\/revisions"}],"predecessor-version":[{"id":65807,"href":"https:\/\/lahora.mx\/index.php\/wp-json\/wp\/v2\/posts\/65805\/revisions\/65807"}],"wp:featuredmedia":[{"embeddable":true,"href":"https:\/\/lahora.mx\/index.php\/wp-json\/wp\/v2\/media\/65806"}],"wp:attachment":[{"href":"https:\/\/lahora.mx\/index.php\/wp-json\/wp\/v2\/media?parent=65805"}],"wp:term":[{"taxonomy":"category","embeddable":true,"href":"https:\/\/lahora.mx\/index.php\/wp-json\/wp\/v2\/categories?post=65805"},{"taxonomy":"post_tag","embeddable":true,"href":"https:\/\/lahora.mx\/index.php\/wp-json\/wp\/v2\/tags?post=65805"}],"curies":[{"name":"wp","href":"https:\/\/api.w.org\/{rel}","templated":true}]}}