{"id":65799,"date":"2025-07-27T17:49:15","date_gmt":"2025-07-27T17:49:15","guid":{"rendered":"https:\/\/lahora.mx\/?p=65799"},"modified":"2025-07-27T17:49:15","modified_gmt":"2025-07-27T17:49:15","slug":"volcadura-de-trailer-cierra-carretera-teziutlan-perote","status":"publish","type":"post","link":"https:\/\/lahora.mx\/index.php\/2025\/07\/27\/volcadura-de-trailer-cierra-carretera-teziutlan-perote\/","title":{"rendered":"Volcadura de tr\u00e1iler cierra carretera Teziutl\u00e1n &#8211; Perote"},"content":{"rendered":"\n<p>Un accidente tipo volcadura registrado la noche del s\u00e1bado, alrededor de las 7:40 pm, provoc\u00f3 el cierre total de la carretera Teziutl\u00e1n &#8211; Perote, a la altura del arco de seguridad en Las Coles, entre los municipios de Teziutl\u00e1n y Xiutetelco.<\/p>\n\n\n\n<p>El hecho ocurri\u00f3 cuando un tr\u00e1iler cargado con refrescos perdi\u00f3 el control tras una falla mec\u00e1nica y termin\u00f3 volcado sobre la v\u00eda. El incidente oblig\u00f3 a cerrar completamente la circulaci\u00f3n durante m\u00e1s de dos horas, generando filas de autos que se extendieron desde el barrio de Xoloco hasta Xiutetelco.<\/p>\n\n\n\n<p>Al lugar acudieron elementos de la Guardia Nacional, aunque con un retraso superior a los 45 minutos. Por falta de recursos y log\u00edstica, se decidi\u00f3 mantener cerrada la carretera mientras se realizaban las maniobras necesarias, lo que increment\u00f3 el malestar entre quienes quedaron atrapados en el tr\u00e1fico.<\/p>\n\n\n\n<p>Conductores se\u00f1alaron que no se pod\u00eda retirar la unidad sin la gr\u00faa correspondiente al tramo atendido por la Guardia Nacional, ya que las disponibles estaban en otro punto atendiendo dos accidentes m\u00e1s. Esto impidi\u00f3 el uso de servicios alternos, lo que alarg\u00f3 el bloqueo:<\/p>\n\n\n\n<p>\u201cNo pueden mover el tr\u00e1iler porque no hay forma de resolver el tema. Como no est\u00e1 el servicio que le corresponde, tienen que esperar a que termine en el otro accidente para traer la gr\u00faa autorizada\u201d, coment\u00f3 uno de los afectados.<\/p>\n\n\n\n<p>El problema se agrav\u00f3 porque coincidi\u00f3 con el inicio de la feria de Teziutl\u00e1n, lo que dej\u00f3 varadas a decenas de familias que se dirig\u00edan al recinto ferial para la coronaci\u00f3n de la reina y la presentaci\u00f3n del grupo musical Piso 21. Muchas personas llegaron tarde o no lograron ingresar al evento.<\/p>\n\n\n\n<p>Luego de m\u00e1s de tres horas de afectaci\u00f3n, las autoridades informaron que la circulaci\u00f3n fue restablecida en ambos sentidos sin incidentes adicionales.<\/p>\n","protected":false},"excerpt":{"rendered":"<p>Un accidente tipo volcadura registrado la noche del s\u00e1bado, alrededor de las 7:40 pm, provoc\u00f3 el cierre total de la carretera Teziutl\u00e1n &#8211; Perote, a la altura del arco de seguridad en Las Coles, entre los municipios de Teziutl\u00e1n y Xiutetelco. El hecho ocurri\u00f3 cuando un tr\u00e1iler cargado con refrescos perdi\u00f3 el control tras una [&hellip;]<\/p>\n","protected":false},"author":4,"featured_media":65800,"comment_status":"open","ping_status":"open","sticky":false,"template":"","format":"standard","meta":{"om_disable_all_campaigns":false,"_monsterinsights_skip_tracking":false,"_monsterinsights_sitenote_active":false,"_monsterinsights_sitenote_note":"","_monsterinsights_sitenote_category":0,"footnotes":""},"categories":[175,226],"tags":[195,223],"class_list":["post-65799","post","type-post","status-publish","format-standard","has-post-thumbnail","hentry","category-local","category-policia","tag-principal","tag-puebla"],"amp_enabled":true,"_links":{"self":[{"href":"https:\/\/lahora.mx\/index.php\/wp-json\/wp\/v2\/posts\/65799","targetHints":{"allow":["GET"]}}],"collection":[{"href":"https:\/\/lahora.mx\/index.php\/wp-json\/wp\/v2\/posts"}],"about":[{"href":"https:\/\/lahora.mx\/index.php\/wp-json\/wp\/v2\/types\/post"}],"author":[{"embeddable":true,"href":"https:\/\/lahora.mx\/index.php\/wp-json\/wp\/v2\/users\/4"}],"replies":[{"embeddable":true,"href":"https:\/\/lahora.mx\/index.php\/wp-json\/wp\/v2\/comments?post=65799"}],"version-history":[{"count":1,"href":"https:\/\/lahora.mx\/index.php\/wp-json\/wp\/v2\/posts\/65799\/revisions"}],"predecessor-version":[{"id":65801,"href":"https:\/\/lahora.mx\/index.php\/wp-json\/wp\/v2\/posts\/65799\/revisions\/65801"}],"wp:featuredmedia":[{"embeddable":true,"href":"https:\/\/lahora.mx\/index.php\/wp-json\/wp\/v2\/media\/65800"}],"wp:attachment":[{"href":"https:\/\/lahora.mx\/index.php\/wp-json\/wp\/v2\/media?parent=65799"}],"wp:term":[{"taxonomy":"category","embeddable":true,"href":"https:\/\/lahora.mx\/index.php\/wp-json\/wp\/v2\/categories?post=65799"},{"taxonomy":"post_tag","embeddable":true,"href":"https:\/\/lahora.mx\/index.php\/wp-json\/wp\/v2\/tags?post=65799"}],"curies":[{"name":"wp","href":"https:\/\/api.w.org\/{rel}","templated":true}]}}