{"id":65793,"date":"2025-07-27T17:23:44","date_gmt":"2025-07-27T17:23:44","guid":{"rendered":"https:\/\/lahora.mx\/?p=65793"},"modified":"2025-07-27T17:23:45","modified_gmt":"2025-07-27T17:23:45","slug":"eu-confirma-aranceles-el-1-de-agosto-no-habra-prorrogas","status":"publish","type":"post","link":"https:\/\/lahora.mx\/index.php\/2025\/07\/27\/eu-confirma-aranceles-el-1-de-agosto-no-habra-prorrogas\/","title":{"rendered":"EU confirma aranceles el 1 de agosto: \u201cNo habr\u00e1 pr\u00f3rrogas\u201d"},"content":{"rendered":"\n<p>La fecha l\u00edmite del 1 de agosto para la entrada en vigor de los nuevos aranceles comerciales se mantiene firme, asegur\u00f3 este domingo el secretario de Comercio de Estados Unidos, Howard Lutnick, descartando cualquier aplazamiento.<br>\u201cNo habr\u00e1 pr\u00f3rrogas ni periodos de gracia. Los aranceles se establecer\u00e1n el 1 de agosto. Entrar\u00e1n en vigor, las aduanas empezar\u00e1n a recaudar y eso es todo\u201d, declar\u00f3 Lutnick en entrevista para Fox News.<\/p>\n\n\n\n<p>A pesar de la implementaci\u00f3n de estas tarifas, el gobierno del presidente Donald Trump seguir\u00e1 abierto a alcanzar acuerdos con sus socios comerciales, se\u00f1al\u00f3 el funcionario. En el caso espec\u00edfico de la Uni\u00f3n Europea, con quien Trump sosten\u00eda negociaciones este domingo en Escocia, Lutnick expres\u00f3: \u201cEsperan llegar a un acuerdo, y eso depende del presidente Trump, quien lidera esta mesa de negociaciones. Nosotros ponemos la mesa\u201d.<\/p>\n\n\n\n<p>Hasta el momento, s\u00f3lo cinco pa\u00edses han concretado acuerdos comerciales con la administraci\u00f3n Trump: Gran Breta\u00f1a, Vietnam, Indonesia, Filipinas y Jap\u00f3n. Los aranceles acordados con estas naciones superan el 10% que Washington impone desde abril a la mayor\u00eda de pa\u00edses, aunque permanecen por debajo de las tarifas m\u00e1s severas con las que Trump hab\u00eda amenazado a quienes no aceptaran un pacto que pusiera fin a lo que considera pr\u00e1cticas comerciales desleales.<br><br><\/p>\n","protected":false},"excerpt":{"rendered":"<p>La fecha l\u00edmite del 1 de agosto para la entrada en vigor de los nuevos aranceles comerciales se mantiene firme, asegur\u00f3 este domingo el secretario de Comercio de Estados Unidos, Howard Lutnick, descartando cualquier aplazamiento.\u201cNo habr\u00e1 pr\u00f3rrogas ni periodos de gracia. Los aranceles se establecer\u00e1n el 1 de agosto. Entrar\u00e1n en vigor, las aduanas empezar\u00e1n [&hellip;]<\/p>\n","protected":false},"author":4,"featured_media":65794,"comment_status":"open","ping_status":"open","sticky":false,"template":"","format":"standard","meta":{"om_disable_all_campaigns":false,"_monsterinsights_skip_tracking":false,"_monsterinsights_sitenote_active":false,"_monsterinsights_sitenote_note":"","_monsterinsights_sitenote_category":0,"footnotes":""},"categories":[2],"tags":[223],"class_list":["post-65793","post","type-post","status-publish","format-standard","has-post-thumbnail","hentry","category-negocios","tag-puebla"],"amp_enabled":true,"_links":{"self":[{"href":"https:\/\/lahora.mx\/index.php\/wp-json\/wp\/v2\/posts\/65793","targetHints":{"allow":["GET"]}}],"collection":[{"href":"https:\/\/lahora.mx\/index.php\/wp-json\/wp\/v2\/posts"}],"about":[{"href":"https:\/\/lahora.mx\/index.php\/wp-json\/wp\/v2\/types\/post"}],"author":[{"embeddable":true,"href":"https:\/\/lahora.mx\/index.php\/wp-json\/wp\/v2\/users\/4"}],"replies":[{"embeddable":true,"href":"https:\/\/lahora.mx\/index.php\/wp-json\/wp\/v2\/comments?post=65793"}],"version-history":[{"count":1,"href":"https:\/\/lahora.mx\/index.php\/wp-json\/wp\/v2\/posts\/65793\/revisions"}],"predecessor-version":[{"id":65795,"href":"https:\/\/lahora.mx\/index.php\/wp-json\/wp\/v2\/posts\/65793\/revisions\/65795"}],"wp:featuredmedia":[{"embeddable":true,"href":"https:\/\/lahora.mx\/index.php\/wp-json\/wp\/v2\/media\/65794"}],"wp:attachment":[{"href":"https:\/\/lahora.mx\/index.php\/wp-json\/wp\/v2\/media?parent=65793"}],"wp:term":[{"taxonomy":"category","embeddable":true,"href":"https:\/\/lahora.mx\/index.php\/wp-json\/wp\/v2\/categories?post=65793"},{"taxonomy":"post_tag","embeddable":true,"href":"https:\/\/lahora.mx\/index.php\/wp-json\/wp\/v2\/tags?post=65793"}],"curies":[{"name":"wp","href":"https:\/\/api.w.org\/{rel}","templated":true}]}}