{"id":65780,"date":"2025-07-26T01:51:24","date_gmt":"2025-07-26T01:51:24","guid":{"rendered":"https:\/\/lahora.mx\/?p=65780"},"modified":"2025-07-26T01:51:25","modified_gmt":"2025-07-26T01:51:25","slug":"supervisa-pepe-chedraui-construccion-del-bachillerato-tecnologico-buap","status":"publish","type":"post","link":"https:\/\/lahora.mx\/index.php\/2025\/07\/26\/supervisa-pepe-chedraui-construccion-del-bachillerato-tecnologico-buap\/","title":{"rendered":"Supervisa Pepe Chedraui construcci\u00f3n del Bachillerato Tecnol\u00f3gico BUAP"},"content":{"rendered":"\n<p>Como parte de las acciones para el fortalecimiento de la infraestructura educativa de la capital, el presidente municipal, Pepe Chedraui Budib supervis\u00f3 los trabajos de construcci\u00f3n del Bachillerato Tecnol\u00f3gico de la Benem\u00e9rita Universidad Aut\u00f3noma de Puebla (BUAP) en la Junta Auxiliar de San Pedro Zacachimalpa.<\/p>\n\n\n\n<p>Acompa\u00f1ado por autoridades universitarias, personal t\u00e9cnico y representantes de la comunidad educativa, el edil se\u00f1al\u00f3 que la construcci\u00f3n de este bachillerato, representa un paso fundamental en el fortalecimiento de la educaci\u00f3n media superior con enfoque t\u00e9cnico en la capital.<\/p>\n\n\n\n<p>\u201cSeguimos apostando por la educaci\u00f3n como motor de transformaci\u00f3n social. Nuestra m\u00e1xima casa de estudios es referente a nivel nacional por su excelencia acad\u00e9mica, con esta obra educativa contribuimos a la formaci\u00f3n integral de las y los estudiantes\u201d, destac\u00f3.<\/p>\n\n\n\n<p>Por su parte, el secretario de Movilidad e Infraestructura, David Aysa inform\u00f3 que, como parte de los trabajos en este nuevo espacio educativo, se intervienen un total de 5 mil 227 metros cuadrados, a trav\u00e9s de la construcci\u00f3n de un edificio central el cual estar\u00e1 conformado por aulas, biblioteca, sala de maestros, laboratorios, elevador y oficinas administrativas.<br>Adem\u00e1s, contar\u00e1 con cancha de usos m\u00faltiples, \u00e1rea de estacionamiento y camino de acceso.<\/p>\n\n\n\n<p>\u201cEl objetivo es claro, garantizar instalaciones modernas y adecuadas que respondan a las necesidades actuales de la educaci\u00f3n media superior\u201d, subray\u00f3.<\/p>\n\n\n\n<p>Cabe destacar que, durante el recorrido se evaluaron los avances constructivos de este proyecto, el cual forma parte de la ampliaci\u00f3n en materia de cobertura educativa de la m\u00e1xima casa de estudios.<\/p>\n\n\n\n<p>El Gobierno de la Ciudad que encabeza el alcalde Pepe Chedraui Budib refrenda su compromiso de construir una capital en orden, a trav\u00e9s del fortalecimiento de la educaci\u00f3n media superior.<\/p>\n","protected":false},"excerpt":{"rendered":"<p>Como parte de las acciones para el fortalecimiento de la infraestructura educativa de la capital, el presidente municipal, Pepe Chedraui Budib supervis\u00f3 los trabajos de construcci\u00f3n del Bachillerato Tecnol\u00f3gico de la Benem\u00e9rita Universidad Aut\u00f3noma de Puebla (BUAP) en la Junta Auxiliar de San Pedro Zacachimalpa. Acompa\u00f1ado por autoridades universitarias, personal t\u00e9cnico y representantes de la [&hellip;]<\/p>\n","protected":false},"author":4,"featured_media":65781,"comment_status":"open","ping_status":"open","sticky":false,"template":"","format":"standard","meta":{"om_disable_all_campaigns":false,"_monsterinsights_skip_tracking":false,"_monsterinsights_sitenote_active":false,"_monsterinsights_sitenote_note":"","_monsterinsights_sitenote_category":0,"footnotes":""},"categories":[5],"tags":[],"class_list":["post-65780","post","type-post","status-publish","format-standard","has-post-thumbnail","hentry","category-politica"],"amp_enabled":true,"_links":{"self":[{"href":"https:\/\/lahora.mx\/index.php\/wp-json\/wp\/v2\/posts\/65780","targetHints":{"allow":["GET"]}}],"collection":[{"href":"https:\/\/lahora.mx\/index.php\/wp-json\/wp\/v2\/posts"}],"about":[{"href":"https:\/\/lahora.mx\/index.php\/wp-json\/wp\/v2\/types\/post"}],"author":[{"embeddable":true,"href":"https:\/\/lahora.mx\/index.php\/wp-json\/wp\/v2\/users\/4"}],"replies":[{"embeddable":true,"href":"https:\/\/lahora.mx\/index.php\/wp-json\/wp\/v2\/comments?post=65780"}],"version-history":[{"count":1,"href":"https:\/\/lahora.mx\/index.php\/wp-json\/wp\/v2\/posts\/65780\/revisions"}],"predecessor-version":[{"id":65782,"href":"https:\/\/lahora.mx\/index.php\/wp-json\/wp\/v2\/posts\/65780\/revisions\/65782"}],"wp:featuredmedia":[{"embeddable":true,"href":"https:\/\/lahora.mx\/index.php\/wp-json\/wp\/v2\/media\/65781"}],"wp:attachment":[{"href":"https:\/\/lahora.mx\/index.php\/wp-json\/wp\/v2\/media?parent=65780"}],"wp:term":[{"taxonomy":"category","embeddable":true,"href":"https:\/\/lahora.mx\/index.php\/wp-json\/wp\/v2\/categories?post=65780"},{"taxonomy":"post_tag","embeddable":true,"href":"https:\/\/lahora.mx\/index.php\/wp-json\/wp\/v2\/tags?post=65780"}],"curies":[{"name":"wp","href":"https:\/\/api.w.org\/{rel}","templated":true}]}}