{"id":65777,"date":"2025-07-26T01:48:28","date_gmt":"2025-07-26T01:48:28","guid":{"rendered":"https:\/\/lahora.mx\/?p=65777"},"modified":"2025-07-26T01:48:28","modified_gmt":"2025-07-26T01:48:28","slug":"recorre-pepe-chedraui-la-exposicion-el-murmullo-de-los-oceanos-en-la-galeria-del-palacio-municipal","status":"publish","type":"post","link":"https:\/\/lahora.mx\/index.php\/2025\/07\/26\/recorre-pepe-chedraui-la-exposicion-el-murmullo-de-los-oceanos-en-la-galeria-del-palacio-municipal\/","title":{"rendered":"Recorre Pepe Chedraui la exposici\u00f3n \u201cEl Murmullo de los Oc\u00e9anos\u201d en la Galer\u00eda del Palacio Municipal"},"content":{"rendered":"\n<p>El presidente municipal, Pepe Chedraui, recorri\u00f3 la exposici\u00f3n \u201cEl Murmullo de los Oc\u00e9anos\u201d del artista C\u00e9sar Menchaca, en la Galer\u00eda del Palacio Municipal. Es una propuesta que combina el arte huichol con materiales reciclados para generar conciencia sobre la protecci\u00f3n de los mares mexicanos.<\/p>\n\n\n\n<p>El alcalde, acompa\u00f1ado por el artista y la titular del IMACP, Anel Nochebuena, destac\u00f3 la relevancia de impulsar proyectos culturales con causa, que acerquen el arte a la ciudadan\u00eda y al mismo tiempo inviten a la reflexi\u00f3n colectiva sobre temas urgentes como el medio ambiente.<\/p>\n\n\n\n<p>A trav\u00e9s del Instituto Municipal de Arte y Cultura de Puebla (IMACP), el Gobierno de la Ciudad invita a la poblaci\u00f3n a visitar esta muestra, que estar\u00e1 abierta al p\u00fablico en la Galer\u00eda del Palacio Municipal hasta el 28 de septiembre, en un horario de 10:00 a 20:00 horas.<\/p>\n\n\n\n<p>Las y los visitantes podr\u00e1n maravillarse con esculturas elaboradas con chaquira tradicional y materiales pl\u00e1sticos recolectados en costas mexicanas, que dan vida a obras que reflejan tanto la riqueza cultural como la necesidad de rescatar nuestros oc\u00e9anos.<\/p>\n\n\n\n<p>Con acciones como esta, el Gobierno de la Ciudad reafirma su compromiso de promover el arte y la cultura como herramientas de transformaci\u00f3n social, al tiempo que impulsa exposiciones de car\u00e1cter nacional e internacional que enriquecen la vida cultural de la capital.<\/p>\n","protected":false},"excerpt":{"rendered":"<p>El presidente municipal, Pepe Chedraui, recorri\u00f3 la exposici\u00f3n \u201cEl Murmullo de los Oc\u00e9anos\u201d del artista C\u00e9sar Menchaca, en la Galer\u00eda del Palacio Municipal. Es una propuesta que combina el arte huichol con materiales reciclados para generar conciencia sobre la protecci\u00f3n de los mares mexicanos. El alcalde, acompa\u00f1ado por el artista y la titular del IMACP, [&hellip;]<\/p>\n","protected":false},"author":4,"featured_media":65778,"comment_status":"open","ping_status":"open","sticky":false,"template":"","format":"standard","meta":{"om_disable_all_campaigns":false,"_monsterinsights_skip_tracking":false,"_monsterinsights_sitenote_active":false,"_monsterinsights_sitenote_note":"","_monsterinsights_sitenote_category":0,"footnotes":""},"categories":[5],"tags":[],"class_list":["post-65777","post","type-post","status-publish","format-standard","has-post-thumbnail","hentry","category-politica"],"amp_enabled":true,"_links":{"self":[{"href":"https:\/\/lahora.mx\/index.php\/wp-json\/wp\/v2\/posts\/65777","targetHints":{"allow":["GET"]}}],"collection":[{"href":"https:\/\/lahora.mx\/index.php\/wp-json\/wp\/v2\/posts"}],"about":[{"href":"https:\/\/lahora.mx\/index.php\/wp-json\/wp\/v2\/types\/post"}],"author":[{"embeddable":true,"href":"https:\/\/lahora.mx\/index.php\/wp-json\/wp\/v2\/users\/4"}],"replies":[{"embeddable":true,"href":"https:\/\/lahora.mx\/index.php\/wp-json\/wp\/v2\/comments?post=65777"}],"version-history":[{"count":1,"href":"https:\/\/lahora.mx\/index.php\/wp-json\/wp\/v2\/posts\/65777\/revisions"}],"predecessor-version":[{"id":65779,"href":"https:\/\/lahora.mx\/index.php\/wp-json\/wp\/v2\/posts\/65777\/revisions\/65779"}],"wp:featuredmedia":[{"embeddable":true,"href":"https:\/\/lahora.mx\/index.php\/wp-json\/wp\/v2\/media\/65778"}],"wp:attachment":[{"href":"https:\/\/lahora.mx\/index.php\/wp-json\/wp\/v2\/media?parent=65777"}],"wp:term":[{"taxonomy":"category","embeddable":true,"href":"https:\/\/lahora.mx\/index.php\/wp-json\/wp\/v2\/categories?post=65777"},{"taxonomy":"post_tag","embeddable":true,"href":"https:\/\/lahora.mx\/index.php\/wp-json\/wp\/v2\/tags?post=65777"}],"curies":[{"name":"wp","href":"https:\/\/api.w.org\/{rel}","templated":true}]}}