{"id":65771,"date":"2025-07-25T17:58:24","date_gmt":"2025-07-25T17:58:24","guid":{"rendered":"https:\/\/lahora.mx\/?p=65771"},"modified":"2025-07-25T18:09:07","modified_gmt":"2025-07-25T18:09:07","slug":"sspc-fortalece-capacidades-operativas-del-sistema-penitenciario-federal","status":"publish","type":"post","link":"https:\/\/lahora.mx\/index.php\/2025\/07\/25\/sspc-fortalece-capacidades-operativas-del-sistema-penitenciario-federal\/","title":{"rendered":"SSPC fortalece capacidades operativas del Sistema Penitenciario Federal"},"content":{"rendered":"\n<p><strong>La Secretar\u00eda de Seguridad y Protecci\u00f3n Ciudadana (SSPC), a trav\u00e9s del \u00d3rgano Administrativo Desconcentrado Prevenci\u00f3n y Reinserci\u00f3n Social (PRS),<\/strong>\u00a0realiz\u00f3 una demostraci\u00f3n de las capacidades t\u00e1cticas y operativas de la Unidad de Reacci\u00f3n Penitenciaria (URP) y el Grupo Cinot\u00e1ctico Federal (K9), en el Centro Federal de Reinserci\u00f3n Social (CEFERESO) No. 1 \u201cAltiplano\u201d, ubicado en el Estado de M\u00e9xico.<br>El evento fue encabezado por el titular de PRS, Omar Reyes Colmenares y cont\u00f3 con la presencia de servidores p\u00fablicos, as\u00ed como autoridades penitenciarias.<\/p>\n\n\n\n<p>Reyes Colmenares reconoci\u00f3 el profesionalismo y capacidades del personal penitenciario, asimismo, subray\u00f3 la importancia del modelo de operaci\u00f3n basado en inteligencia penitenciaria, mejora continua en la formaci\u00f3n y respeto irrestricto a los derechos humanos.<\/p>\n\n\n\n<p>\u201cEs necesario reconocer que una estructura segura y gobernable es condici\u00f3n necesaria para implementar cualquier programa de reinserci\u00f3n social. De esta manera, la operaci\u00f3n de la Unidad de Reacci\u00f3n Penitenciaria constituye una herramienta estrat\u00e9gica para preservar la legalidad, el orden y la dignidad humana\u201d, afirm\u00f3.<\/p>\n\n\n\n<p>Por su parte, el coordinador general de Control Penitenciario, Jacobo Olaf Rodr\u00edguez Garc\u00eda, destac\u00f3 la lealtad institucional y el compromiso de la URP.<\/p>\n\n\n\n<p>Mencion\u00f3 que cada elemento no solo porta un uniforme, porta la voluntad del Estado y la dignidad de quienes creen en la ley y el Estado de derecho, agreg\u00f3 que este grupo t\u00e1ctico penitenciario es un cuerpo de \u00e9lite resultado de entrenamientos constantes. \u201cEsta Unidad es la vanguardia de la disciplina federal\u201d, enfatiz\u00f3.<\/p>\n\n\n\n<p>Durante la exhibici\u00f3n participaron 73 elementos operativos y cinco binomios caninos de la URP, quienes realizaron ejercicios especializados en la detecci\u00f3n de sustancias y objetos prohibidos, adem\u00e1s de atender incidentes de riesgo simulados, los cuales reflejan el alto nivel de adiestramiento, disciplina y compromiso del personal operativo.<\/p>\n\n\n\n<p>La SSPC reafirma su compromiso de trabajar por un Sistema Penitenciario federal seguro, ordenado y respetuoso de los derechos humanos, que contribuya a la efectiva reinserci\u00f3n social.<\/p>\n","protected":false},"excerpt":{"rendered":"<p>La Secretar\u00eda de Seguridad y Protecci\u00f3n Ciudadana (SSPC), a trav\u00e9s del \u00d3rgano Administrativo Desconcentrado Prevenci\u00f3n y Reinserci\u00f3n Social (PRS),\u00a0realiz\u00f3 una demostraci\u00f3n de las capacidades t\u00e1cticas y operativas de la Unidad de Reacci\u00f3n Penitenciaria (URP) y el Grupo Cinot\u00e1ctico Federal (K9), en el Centro Federal de Reinserci\u00f3n Social (CEFERESO) No. 1 \u201cAltiplano\u201d, ubicado en el Estado [&hellip;]<\/p>\n","protected":false},"author":4,"featured_media":65772,"comment_status":"open","ping_status":"open","sticky":false,"template":"","format":"standard","meta":{"om_disable_all_campaigns":false,"_monsterinsights_skip_tracking":false,"_monsterinsights_sitenote_active":false,"_monsterinsights_sitenote_note":"","_monsterinsights_sitenote_category":0,"footnotes":""},"categories":[175,226],"tags":[],"class_list":["post-65771","post","type-post","status-publish","format-standard","has-post-thumbnail","hentry","category-local","category-policia"],"amp_enabled":true,"_links":{"self":[{"href":"https:\/\/lahora.mx\/index.php\/wp-json\/wp\/v2\/posts\/65771","targetHints":{"allow":["GET"]}}],"collection":[{"href":"https:\/\/lahora.mx\/index.php\/wp-json\/wp\/v2\/posts"}],"about":[{"href":"https:\/\/lahora.mx\/index.php\/wp-json\/wp\/v2\/types\/post"}],"author":[{"embeddable":true,"href":"https:\/\/lahora.mx\/index.php\/wp-json\/wp\/v2\/users\/4"}],"replies":[{"embeddable":true,"href":"https:\/\/lahora.mx\/index.php\/wp-json\/wp\/v2\/comments?post=65771"}],"version-history":[{"count":1,"href":"https:\/\/lahora.mx\/index.php\/wp-json\/wp\/v2\/posts\/65771\/revisions"}],"predecessor-version":[{"id":65773,"href":"https:\/\/lahora.mx\/index.php\/wp-json\/wp\/v2\/posts\/65771\/revisions\/65773"}],"wp:featuredmedia":[{"embeddable":true,"href":"https:\/\/lahora.mx\/index.php\/wp-json\/wp\/v2\/media\/65772"}],"wp:attachment":[{"href":"https:\/\/lahora.mx\/index.php\/wp-json\/wp\/v2\/media?parent=65771"}],"wp:term":[{"taxonomy":"category","embeddable":true,"href":"https:\/\/lahora.mx\/index.php\/wp-json\/wp\/v2\/categories?post=65771"},{"taxonomy":"post_tag","embeddable":true,"href":"https:\/\/lahora.mx\/index.php\/wp-json\/wp\/v2\/tags?post=65771"}],"curies":[{"name":"wp","href":"https:\/\/api.w.org\/{rel}","templated":true}]}}