{"id":65765,"date":"2025-07-25T16:08:00","date_gmt":"2025-07-25T16:08:00","guid":{"rendered":"https:\/\/lahora.mx\/?p=65765"},"modified":"2025-07-25T16:08:00","modified_gmt":"2025-07-25T16:08:00","slug":"adulto-mayor-es-atropellado-mientras-conducia-moto-en-atlixco","status":"publish","type":"post","link":"https:\/\/lahora.mx\/index.php\/2025\/07\/25\/adulto-mayor-es-atropellado-mientras-conducia-moto-en-atlixco\/","title":{"rendered":"Adulto mayor es atropellado mientras conduc\u00eda moto en Atlixco"},"content":{"rendered":"\n<p>Un motociclista identificado como Andr\u00e9s Hern\u00e1ndez Soriano, vecino de la colonia San Alfonso, al norte de Atlixco, fue arrollado la noche de este jueves en la comunidad de Santa Cruz Tehuixpango, en los l\u00edmites entre Atlixco y el municipio de Santa Isabel Cholula.<br><br>De acuerdo con testigos, el hombre, de la tercera edad, circulaba aparentemente en estado et\u00edlico al momento del incidente. Hasta ahora, no se han dado a conocer m\u00e1s detalles sobre c\u00f3mo ocurri\u00f3 el accidente.<\/p>\n\n\n\n<p>Elementos de los servicios de emergencia acudieron al lugar para brindarle atenci\u00f3n m\u00e9dica inmediata, aunque su estado de salud se reporta como reservado.<\/p>\n\n\n\n<p>El lesionado portaba su credencial del Instituto Nacional Electoral (INE), lo que permiti\u00f3 identificarlo como residente de San Alfonso. Sin embargo, en un primer momento no fue posible localizar a ning\u00fan familiar.<\/p>\n\n\n\n<p>Por ello, autoridades y vecinos hicieron un llamado p\u00fablico para alertar a sus conocidos y facilitar el contacto con sus seres queridos.<\/p>\n\n\n\n<p>Agentes de vialidad exhortaron a los automovilistas a manejar con precauci\u00f3n, especialmente durante las fiestas patronales y celebraciones locales, cuando el consumo de alcohol al volante suele aumentar.<\/p>\n\n\n\n<p>Mantente al tanto de todas las noticias de Puebla y el mundo. Haz clic aqu\u00ed para seguir explorando nuestro portal.<\/p>\n","protected":false},"excerpt":{"rendered":"<p>Un motociclista identificado como Andr\u00e9s Hern\u00e1ndez Soriano, vecino de la colonia San Alfonso, al norte de Atlixco, fue arrollado la noche de este jueves en la comunidad de Santa Cruz Tehuixpango, en los l\u00edmites entre Atlixco y el municipio de Santa Isabel Cholula. De acuerdo con testigos, el hombre, de la tercera edad, circulaba aparentemente [&hellip;]<\/p>\n","protected":false},"author":4,"featured_media":65766,"comment_status":"open","ping_status":"open","sticky":false,"template":"","format":"standard","meta":{"om_disable_all_campaigns":false,"_monsterinsights_skip_tracking":false,"_monsterinsights_sitenote_active":false,"_monsterinsights_sitenote_note":"","_monsterinsights_sitenote_category":0,"footnotes":""},"categories":[175,226],"tags":[],"class_list":["post-65765","post","type-post","status-publish","format-standard","has-post-thumbnail","hentry","category-local","category-policia"],"amp_enabled":true,"_links":{"self":[{"href":"https:\/\/lahora.mx\/index.php\/wp-json\/wp\/v2\/posts\/65765","targetHints":{"allow":["GET"]}}],"collection":[{"href":"https:\/\/lahora.mx\/index.php\/wp-json\/wp\/v2\/posts"}],"about":[{"href":"https:\/\/lahora.mx\/index.php\/wp-json\/wp\/v2\/types\/post"}],"author":[{"embeddable":true,"href":"https:\/\/lahora.mx\/index.php\/wp-json\/wp\/v2\/users\/4"}],"replies":[{"embeddable":true,"href":"https:\/\/lahora.mx\/index.php\/wp-json\/wp\/v2\/comments?post=65765"}],"version-history":[{"count":1,"href":"https:\/\/lahora.mx\/index.php\/wp-json\/wp\/v2\/posts\/65765\/revisions"}],"predecessor-version":[{"id":65767,"href":"https:\/\/lahora.mx\/index.php\/wp-json\/wp\/v2\/posts\/65765\/revisions\/65767"}],"wp:featuredmedia":[{"embeddable":true,"href":"https:\/\/lahora.mx\/index.php\/wp-json\/wp\/v2\/media\/65766"}],"wp:attachment":[{"href":"https:\/\/lahora.mx\/index.php\/wp-json\/wp\/v2\/media?parent=65765"}],"wp:term":[{"taxonomy":"category","embeddable":true,"href":"https:\/\/lahora.mx\/index.php\/wp-json\/wp\/v2\/categories?post=65765"},{"taxonomy":"post_tag","embeddable":true,"href":"https:\/\/lahora.mx\/index.php\/wp-json\/wp\/v2\/tags?post=65765"}],"curies":[{"name":"wp","href":"https:\/\/api.w.org\/{rel}","templated":true}]}}