{"id":65759,"date":"2025-07-25T15:33:30","date_gmt":"2025-07-25T15:33:30","guid":{"rendered":"https:\/\/lahora.mx\/?p=65759"},"modified":"2025-07-25T15:33:30","modified_gmt":"2025-07-25T15:33:30","slug":"vivienda-se-incendia-en-fraccionamiento-el-refugio-una-mascota-muerta","status":"publish","type":"post","link":"https:\/\/lahora.mx\/index.php\/2025\/07\/25\/vivienda-se-incendia-en-fraccionamiento-el-refugio-una-mascota-muerta\/","title":{"rendered":"Vivienda se incendia en Fraccionamiento El Refugio; una mascota muerta"},"content":{"rendered":"\n<p>Durante la madrugada de este viernes, fue reportado un incendio en una vivienda al interior del Fraccionamiento El Refugio, ubicado la capital poblana, sin embargo, las autoridades lograron controlar las llamas.<br><br>Informaci\u00f3n extraoficial se\u00f1ala que el siniestro habr\u00eda ocurrido aproximadamente a las 4 de la ma\u00f1ana, cuando vecinos del lugar dieron aviso a elementos de Bomberos para requerir de su apoyo y apagarlo.<\/p>\n\n\n\n<p>De esta manera, personal especializado acudi\u00f3 al llamado e inmediatamente bloquearon el acceso a la calle para evitar afectaciones, y comenzaron con las labores para erradicar las llamas.<\/p>\n\n\n\n<p>A pesar de que ninguna de las personas que estaban en la vivienda recibieron alg\u00fan tipo de afectaci\u00f3n, se sabe que la mascota del due\u00f1o falleci\u00f3 calcinada, debido a que no pudieron sacarla a tiempo.<\/p>\n\n\n\n<p>Hasta el momento, se desconoce la causa del siniestro y las afectaciones finales de la casa, aunque las autoridades contin\u00faan reguardando la zona para evitar que este incendio se reactive.<\/p>\n","protected":false},"excerpt":{"rendered":"<p>Durante la madrugada de este viernes, fue reportado un incendio en una vivienda al interior del Fraccionamiento El Refugio, ubicado la capital poblana, sin embargo, las autoridades lograron controlar las llamas. Informaci\u00f3n extraoficial se\u00f1ala que el siniestro habr\u00eda ocurrido aproximadamente a las 4 de la ma\u00f1ana, cuando vecinos del lugar dieron aviso a elementos de [&hellip;]<\/p>\n","protected":false},"author":4,"featured_media":65760,"comment_status":"open","ping_status":"open","sticky":false,"template":"","format":"standard","meta":{"om_disable_all_campaigns":false,"_monsterinsights_skip_tracking":false,"_monsterinsights_sitenote_active":false,"_monsterinsights_sitenote_note":"","_monsterinsights_sitenote_category":0,"footnotes":""},"categories":[175,226],"tags":[],"class_list":["post-65759","post","type-post","status-publish","format-standard","has-post-thumbnail","hentry","category-local","category-policia"],"amp_enabled":true,"_links":{"self":[{"href":"https:\/\/lahora.mx\/index.php\/wp-json\/wp\/v2\/posts\/65759","targetHints":{"allow":["GET"]}}],"collection":[{"href":"https:\/\/lahora.mx\/index.php\/wp-json\/wp\/v2\/posts"}],"about":[{"href":"https:\/\/lahora.mx\/index.php\/wp-json\/wp\/v2\/types\/post"}],"author":[{"embeddable":true,"href":"https:\/\/lahora.mx\/index.php\/wp-json\/wp\/v2\/users\/4"}],"replies":[{"embeddable":true,"href":"https:\/\/lahora.mx\/index.php\/wp-json\/wp\/v2\/comments?post=65759"}],"version-history":[{"count":1,"href":"https:\/\/lahora.mx\/index.php\/wp-json\/wp\/v2\/posts\/65759\/revisions"}],"predecessor-version":[{"id":65761,"href":"https:\/\/lahora.mx\/index.php\/wp-json\/wp\/v2\/posts\/65759\/revisions\/65761"}],"wp:featuredmedia":[{"embeddable":true,"href":"https:\/\/lahora.mx\/index.php\/wp-json\/wp\/v2\/media\/65760"}],"wp:attachment":[{"href":"https:\/\/lahora.mx\/index.php\/wp-json\/wp\/v2\/media?parent=65759"}],"wp:term":[{"taxonomy":"category","embeddable":true,"href":"https:\/\/lahora.mx\/index.php\/wp-json\/wp\/v2\/categories?post=65759"},{"taxonomy":"post_tag","embeddable":true,"href":"https:\/\/lahora.mx\/index.php\/wp-json\/wp\/v2\/tags?post=65759"}],"curies":[{"name":"wp","href":"https:\/\/api.w.org\/{rel}","templated":true}]}}