{"id":65749,"date":"2025-07-25T01:51:02","date_gmt":"2025-07-25T01:51:02","guid":{"rendered":"https:\/\/lahora.mx\/?p=65749"},"modified":"2025-07-25T01:51:03","modified_gmt":"2025-07-25T01:51:03","slug":"entregan-sedif-y-smdif-mas-de-3-mil-despensas-de-programas-alimentarios","status":"publish","type":"post","link":"https:\/\/lahora.mx\/index.php\/2025\/07\/25\/entregan-sedif-y-smdif-mas-de-3-mil-despensas-de-programas-alimentarios\/","title":{"rendered":"Entregan SEDIF y SMDIF m\u00e1s de 3 mil despensas de programas alimentarios"},"content":{"rendered":"\n<p>Con el objetivo de seguir fomentando una sana alimentaci\u00f3n que permita el desarrollo integral de las familias poblanas, el presidente municipal Pepe Chedraui, a trav\u00e9s del DIF Puebla Capital &#8211;que encabeza la presidenta del Patronato MariElise Budib&#8211;, hizo entrega de 3 mil 500 paquetes del Programa de Asistencia Social Alimentaria que beneficiar\u00e1 a 500 personas en situaciones de vulnerabilidad.<\/p>\n\n\n\n<p>El presidente municipal, Pepe Chedraui, resalt\u00f3 que este apoyo es gracias a un trabajo coordinado entre el gobierno estatal y municipal, por las gestiones encabezadas por la presidenta del Patronato del Sistema Estatal DIF, Cecilia Arellano y Mari Elise Budib, quienes han mostrado su preocupaci\u00f3n de cuidar a las y los poblanos con mayor vulnerabilidad.<\/p>\n\n\n\n<p>\u201cCuidar a las personas que nos cuidaron. Cuidar a las personas que siempre estuvieron atr\u00e1s de nosotros, eso es bien importante. Hay que reconocer ese gran esfuerzo, y hay que regresar esos grandes valores que nos ense\u00f1aron, para que nuestra ni\u00f1ez pueda crecer sana y salva, por medio de estos apoyos que ustedes, sin duda, van a llevar a su casa y compartir con toda su familia\u201d, expres\u00f3.<\/p>\n\n\n\n<p>Acompa\u00f1ado por el director general del DIF Puebla Capital, Jes\u00fas Alejandro Cort\u00e9s Carrasco, y Mar\u00eda del Carmen Paniagua Alc\u00e1ntara, titular de la Unidad de Apoyo al Ejecutivo y Vinculaci\u00f3n Social del SEDIF, se entregaron apoyos alimentarios a menores de dos a\u00f1os y ni\u00f1as y ni\u00f1os en edad escolar; madres y padres solteros; mujeres embarazadas y\/o en periodo de lactancia; personas con padecimientos cr\u00f3nico degenerativos; adultos mayores y personas con discapacidad.<\/p>\n\n\n\n<p>A su vez, Mar\u00eda del Carmen Paniagua Alc\u00e1ntara, titular de la Unidad de Apoyo al Ejecutivo y Vinculaci\u00f3n Social del SEDIF, en representaci\u00f3n del director general Juan Carlos Valdez Zayas, destac\u00f3 la colaboraci\u00f3n que se ha mantenido entre el estado y la capital para extender una mano a los grupos en vulnerabilidad que m\u00e1s requieren de este tipo de programas sociales.<\/p>\n\n\n\n<p>Durante el evento, el director general del DIF Puebla Capital, Jes\u00fas Alejandro Cort\u00e9s Carrasco, asegur\u00f3 que el coraz\u00f3n y la fortaleza de los Sistemas DIF se sostienen de la mano y gu\u00eda de sus presidentas, por lo que resalt\u00f3 la labor que han realizado MariElise Budib y Ceci Arellano, presidentas de los patronatos del DIF Puebla Capital y DIF estatal, respectivamente.<\/p>\n\n\n\n<p>\u201cEntre el Gobierno del Estado y el Gobierno de la Ciudad, con empat\u00eda, respeto y solidaridad guiamos nuestras acciones para brindar servicios de calidad, la vocaci\u00f3n de ambos nos llama a construir una sociedad donde la equidad y la igualdad sea la norma y no la excepci\u00f3n\u201d, explic\u00f3 Jes\u00fas Alejandro Cort\u00e9s Carrasco.<\/p>\n\n\n\n<p>Asimismo, en representaci\u00f3n de las y los beneficiarios de esta iniciativa, Mar\u00eda Beatriz Jim\u00e9nez Cort\u00e9s, ciudadana beneficiaria del Programa de Atenci\u00f3n Alimentaria, agradeci\u00f3 el apoyo brindado por los gobiernos estatal y municipal, quienes colaboran para hacer posible la entrega de estos apoyos que permiten el acceso a alimentos b\u00e1sicos a quienes m\u00e1s lo necesitan.<\/p>\n\n\n\n<p>De esta forma, el Gobierno de la Ciudad confirma que trabaja diariamente para poner en orden a la capital poblana, y en coordinaci\u00f3n con el Gobierno del Estado y el Federal, para hacer de esta una ciudad m\u00e1s incluyente, m\u00e1s solidaria y m\u00e1s equitativa para las y los poblanos.<\/p>\n","protected":false},"excerpt":{"rendered":"<p>Con el objetivo de seguir fomentando una sana alimentaci\u00f3n que permita el desarrollo integral de las familias poblanas, el presidente municipal Pepe Chedraui, a trav\u00e9s del DIF Puebla Capital &#8211;que encabeza la presidenta del Patronato MariElise Budib&#8211;, hizo entrega de 3 mil 500 paquetes del Programa de Asistencia Social Alimentaria que beneficiar\u00e1 a 500 personas [&hellip;]<\/p>\n","protected":false},"author":4,"featured_media":65750,"comment_status":"open","ping_status":"open","sticky":false,"template":"","format":"standard","meta":{"om_disable_all_campaigns":false,"_monsterinsights_skip_tracking":false,"_monsterinsights_sitenote_active":false,"_monsterinsights_sitenote_note":"","_monsterinsights_sitenote_category":0,"footnotes":""},"categories":[5],"tags":[223],"class_list":["post-65749","post","type-post","status-publish","format-standard","has-post-thumbnail","hentry","category-politica","tag-puebla"],"amp_enabled":true,"_links":{"self":[{"href":"https:\/\/lahora.mx\/index.php\/wp-json\/wp\/v2\/posts\/65749","targetHints":{"allow":["GET"]}}],"collection":[{"href":"https:\/\/lahora.mx\/index.php\/wp-json\/wp\/v2\/posts"}],"about":[{"href":"https:\/\/lahora.mx\/index.php\/wp-json\/wp\/v2\/types\/post"}],"author":[{"embeddable":true,"href":"https:\/\/lahora.mx\/index.php\/wp-json\/wp\/v2\/users\/4"}],"replies":[{"embeddable":true,"href":"https:\/\/lahora.mx\/index.php\/wp-json\/wp\/v2\/comments?post=65749"}],"version-history":[{"count":1,"href":"https:\/\/lahora.mx\/index.php\/wp-json\/wp\/v2\/posts\/65749\/revisions"}],"predecessor-version":[{"id":65751,"href":"https:\/\/lahora.mx\/index.php\/wp-json\/wp\/v2\/posts\/65749\/revisions\/65751"}],"wp:featuredmedia":[{"embeddable":true,"href":"https:\/\/lahora.mx\/index.php\/wp-json\/wp\/v2\/media\/65750"}],"wp:attachment":[{"href":"https:\/\/lahora.mx\/index.php\/wp-json\/wp\/v2\/media?parent=65749"}],"wp:term":[{"taxonomy":"category","embeddable":true,"href":"https:\/\/lahora.mx\/index.php\/wp-json\/wp\/v2\/categories?post=65749"},{"taxonomy":"post_tag","embeddable":true,"href":"https:\/\/lahora.mx\/index.php\/wp-json\/wp\/v2\/tags?post=65749"}],"curies":[{"name":"wp","href":"https:\/\/api.w.org\/{rel}","templated":true}]}}