{"id":65734,"date":"2025-07-24T15:37:00","date_gmt":"2025-07-24T15:37:00","guid":{"rendered":"https:\/\/lahora.mx\/?p=65734"},"modified":"2025-07-24T15:37:01","modified_gmt":"2025-07-24T15:37:01","slug":"baja-inflacion-a-3-55-en-primera-quincena-de-julio-de-2025","status":"publish","type":"post","link":"https:\/\/lahora.mx\/index.php\/2025\/07\/24\/baja-inflacion-a-3-55-en-primera-quincena-de-julio-de-2025\/","title":{"rendered":"Baja inflaci\u00f3n a 3.55% en primera quincena de julio de 2025"},"content":{"rendered":"\n<p>La inflaci\u00f3n de M\u00e9xico sigue con la tendencia a la baja que mostr\u00f3 desde el mes pasado y en la primera quincena de julio de 2025 se desaceler\u00f3 a 3.55 por ciento, inform\u00f3 el Instituto Nacional de Estad\u00edstica y Geograf\u00eda (Inegi).<\/p>\n\n\n\n<p>De acuerdo con el Inegi, en los primeros 15 d\u00edas de julio el \u00cdndice Nacional de Precios al Consumidor (INPC) aument\u00f3 0.15 por ciento respecto a la quincena anterior, con lo que la inflaci\u00f3n general anual lleg\u00f3 a 3.55 por ciento. En el mismo periodo pero de 2024 la inflaci\u00f3n anual fue de 5.61 por ciento.<\/p>\n\n\n\n<p>Los productos que m\u00e1s influyeron en el INPC por la variaci\u00f3n en sus precios a la alza, y con ello impactaron en la inflaci\u00f3n, fueron:<\/p>\n\n\n\n<p>Huevo<br>Transporte a\u00e9reo<br>Loncher\u00edas<br>Fondas<br>Torter\u00edas<br>Taquer\u00edas<br>Vivienda propia<br>En la primera quincena de julio el \u00edndice de precios subyacente aument\u00f3 0.15 por ciento a tasa quincenal. Al interior de este los precios de las mercanc\u00edas subieron 0.05 por ciento y los de los servicios 0.24 por ciento.<\/p>\n\n\n\n<p>Por su parte, el \u00edndice de precios no subyacente tambi\u00e9n increment\u00f3 un 0.16 por ciento. Dentro de este, los precios de la frutas y verduras aumentaron 0.25 por ciento y los de energ\u00e9ticos y tarifas por el gobierno subieron 0.12 por ciento.<\/p>\n\n\n\n<p>Productos que subieron de precio en primera quincena de julio de 2025<br>Durante la primera quincena de julio de 2025 los productos y servicios que m\u00e1s subieron de precio fueron:<\/p>\n\n\n\n<p>Nopales, con un incremento del 14.44%<br>Transporte a\u00e9reo, con un aumento del 11.25%<br>Lechuga y col, con una subida del 8.71%<br>Cebolla, con un incremento del 4.20%<br>Huevo, con un aumento del 3.29%<br>Productos que bajaron de precio en primera quincena de julio de 2025<\/p>\n\n\n\n<p>En contraste, los productos y servicios que bajaron de precio en la primera quincena de julio de 2025 fueron:<\/p>\n\n\n\n<p>Uva, con una baja del 11.96%<br>Papaya, con una disminuci\u00f3n del 5.86%<br>Lim\u00f3n, con una reducci\u00f3n del 5.73%<br>Tomate verde, con una baja del 3.34%<br>Aguacate, con una disminuci\u00f3n del 3.21%<br>Pa\u00f1ales, con una reducci\u00f3n del 2%<\/p>\n","protected":false},"excerpt":{"rendered":"<p>La inflaci\u00f3n de M\u00e9xico sigue con la tendencia a la baja que mostr\u00f3 desde el mes pasado y en la primera quincena de julio de 2025 se desaceler\u00f3 a 3.55 por ciento, inform\u00f3 el Instituto Nacional de Estad\u00edstica y Geograf\u00eda (Inegi). De acuerdo con el Inegi, en los primeros 15 d\u00edas de julio el \u00cdndice [&hellip;]<\/p>\n","protected":false},"author":4,"featured_media":65735,"comment_status":"open","ping_status":"open","sticky":false,"template":"","format":"standard","meta":{"om_disable_all_campaigns":false,"_monsterinsights_skip_tracking":false,"_monsterinsights_sitenote_active":false,"_monsterinsights_sitenote_note":"","_monsterinsights_sitenote_category":0,"footnotes":""},"categories":[2],"tags":[195],"class_list":["post-65734","post","type-post","status-publish","format-standard","has-post-thumbnail","hentry","category-negocios","tag-principal"],"amp_enabled":true,"_links":{"self":[{"href":"https:\/\/lahora.mx\/index.php\/wp-json\/wp\/v2\/posts\/65734","targetHints":{"allow":["GET"]}}],"collection":[{"href":"https:\/\/lahora.mx\/index.php\/wp-json\/wp\/v2\/posts"}],"about":[{"href":"https:\/\/lahora.mx\/index.php\/wp-json\/wp\/v2\/types\/post"}],"author":[{"embeddable":true,"href":"https:\/\/lahora.mx\/index.php\/wp-json\/wp\/v2\/users\/4"}],"replies":[{"embeddable":true,"href":"https:\/\/lahora.mx\/index.php\/wp-json\/wp\/v2\/comments?post=65734"}],"version-history":[{"count":1,"href":"https:\/\/lahora.mx\/index.php\/wp-json\/wp\/v2\/posts\/65734\/revisions"}],"predecessor-version":[{"id":65736,"href":"https:\/\/lahora.mx\/index.php\/wp-json\/wp\/v2\/posts\/65734\/revisions\/65736"}],"wp:featuredmedia":[{"embeddable":true,"href":"https:\/\/lahora.mx\/index.php\/wp-json\/wp\/v2\/media\/65735"}],"wp:attachment":[{"href":"https:\/\/lahora.mx\/index.php\/wp-json\/wp\/v2\/media?parent=65734"}],"wp:term":[{"taxonomy":"category","embeddable":true,"href":"https:\/\/lahora.mx\/index.php\/wp-json\/wp\/v2\/categories?post=65734"},{"taxonomy":"post_tag","embeddable":true,"href":"https:\/\/lahora.mx\/index.php\/wp-json\/wp\/v2\/tags?post=65734"}],"curies":[{"name":"wp","href":"https:\/\/api.w.org\/{rel}","templated":true}]}}