{"id":65725,"date":"2025-07-24T15:28:17","date_gmt":"2025-07-24T15:28:17","guid":{"rendered":"https:\/\/lahora.mx\/?p=65725"},"modified":"2025-07-24T15:28:18","modified_gmt":"2025-07-24T15:28:18","slug":"encuentran-dos-cuerpos-calcinados-en-el-amate","status":"publish","type":"post","link":"https:\/\/lahora.mx\/index.php\/2025\/07\/24\/encuentran-dos-cuerpos-calcinados-en-el-amate\/","title":{"rendered":"Encuentran dos cuerpos calcinados en El Amate"},"content":{"rendered":"\n<p>En la comunidad del Amate perteneciente al municipio, localizaron dos cuerpos sin vida calcinados al interior de un veh\u00edculo.<br><br>Hasta el momento se sabe que vecinos del lugar reportaron la presencia de un autom\u00f3vil en llamas.<\/p>\n\n\n\n<p>Inicialmente se cre\u00eda que conten\u00eda un solo cuerpo, sin embargo, al realizar la inspecci\u00f3n, se confirm\u00f3 que hab\u00eda dos personas fallecidas en el interior, ambas completamente calcinadas sin precisar sexo.<\/p>\n\n\n\n<p>Cabe mencionar que el auto fue encontrado entre matorrales, sobre una brecha que conduce hacia el r\u00edo, a\u00fan con humo saliendo de la estructura, se sabe que, durante la revisi\u00f3n, tambi\u00e9n fue encontrado un casquillo percutido debajo del asiento del conductor.<\/p>\n\n\n\n<p>Los cuerpos sin vida no han sido identificados, asimismo existen dos l\u00edneas de investigaci\u00f3n sobre este hecho. La primera indica que pudo tratarse de un accidente, y la segunda que pudo haber sido un hecho violento donde estas personas fueron atacadas por lo cual se registr\u00f3 el accidente.<\/p>\n","protected":false},"excerpt":{"rendered":"<p>En la comunidad del Amate perteneciente al municipio, localizaron dos cuerpos sin vida calcinados al interior de un veh\u00edculo. Hasta el momento se sabe que vecinos del lugar reportaron la presencia de un autom\u00f3vil en llamas. Inicialmente se cre\u00eda que conten\u00eda un solo cuerpo, sin embargo, al realizar la inspecci\u00f3n, se confirm\u00f3 que hab\u00eda dos [&hellip;]<\/p>\n","protected":false},"author":4,"featured_media":65726,"comment_status":"open","ping_status":"open","sticky":false,"template":"","format":"standard","meta":{"om_disable_all_campaigns":false,"_monsterinsights_skip_tracking":false,"_monsterinsights_sitenote_active":false,"_monsterinsights_sitenote_note":"","_monsterinsights_sitenote_category":0,"footnotes":""},"categories":[175,226],"tags":[223],"class_list":["post-65725","post","type-post","status-publish","format-standard","has-post-thumbnail","hentry","category-local","category-policia","tag-puebla"],"amp_enabled":true,"_links":{"self":[{"href":"https:\/\/lahora.mx\/index.php\/wp-json\/wp\/v2\/posts\/65725","targetHints":{"allow":["GET"]}}],"collection":[{"href":"https:\/\/lahora.mx\/index.php\/wp-json\/wp\/v2\/posts"}],"about":[{"href":"https:\/\/lahora.mx\/index.php\/wp-json\/wp\/v2\/types\/post"}],"author":[{"embeddable":true,"href":"https:\/\/lahora.mx\/index.php\/wp-json\/wp\/v2\/users\/4"}],"replies":[{"embeddable":true,"href":"https:\/\/lahora.mx\/index.php\/wp-json\/wp\/v2\/comments?post=65725"}],"version-history":[{"count":1,"href":"https:\/\/lahora.mx\/index.php\/wp-json\/wp\/v2\/posts\/65725\/revisions"}],"predecessor-version":[{"id":65727,"href":"https:\/\/lahora.mx\/index.php\/wp-json\/wp\/v2\/posts\/65725\/revisions\/65727"}],"wp:featuredmedia":[{"embeddable":true,"href":"https:\/\/lahora.mx\/index.php\/wp-json\/wp\/v2\/media\/65726"}],"wp:attachment":[{"href":"https:\/\/lahora.mx\/index.php\/wp-json\/wp\/v2\/media?parent=65725"}],"wp:term":[{"taxonomy":"category","embeddable":true,"href":"https:\/\/lahora.mx\/index.php\/wp-json\/wp\/v2\/categories?post=65725"},{"taxonomy":"post_tag","embeddable":true,"href":"https:\/\/lahora.mx\/index.php\/wp-json\/wp\/v2\/tags?post=65725"}],"curies":[{"name":"wp","href":"https:\/\/api.w.org\/{rel}","templated":true}]}}