{"id":65712,"date":"2025-07-24T15:20:32","date_gmt":"2025-07-24T15:20:32","guid":{"rendered":"https:\/\/lahora.mx\/?p=65712"},"modified":"2025-07-24T15:20:32","modified_gmt":"2025-07-24T15:20:32","slug":"mascip-logra-reunion-con-el-gobierno-tras-protestas-en-tehuacan","status":"publish","type":"post","link":"https:\/\/lahora.mx\/index.php\/2025\/07\/24\/mascip-logra-reunion-con-el-gobierno-tras-protestas-en-tehuacan\/","title":{"rendered":"Mascip logra reuni\u00f3n con el Gobierno tras protestas en Tehuac\u00e1n"},"content":{"rendered":"\n<p>Luego de mantener bloqueadas por m\u00e1s de tres horas tres importantes carreteras en la regi\u00f3n de Tehuac\u00e1n, integrantes del Movimiento de Autogesti\u00f3n Social, Campesina, Ind\u00edgena, Popular, Coordinadora Nacional Plan de Ayala Movimiento Nacional (Mascip-Cnpa-Mn) liberaron las vialidades tras acordar una reuni\u00f3n con autoridades estatales.<br><br>El dirigente del movimiento, Jos\u00e9 Luis Leyva Machuca, inform\u00f3 que, mediante una llamada telef\u00f3nica, lograron establecer contacto con el secretario de Gobernaci\u00f3n del Estado, Samuel Aguilar Pala, quien se comprometi\u00f3 a instalar una mesa de trabajo el pr\u00f3ximo 30 de julio en Casa Aguayo, sede del Gobierno estatal. En el encuentro participar\u00e1n siete representantes del movimiento.<\/p>\n\n\n\n<p>Previamente, se entreg\u00f3 al delegado de Gobernaci\u00f3n el pliego petitorio del colectivo para que los puntos sean abordados en la reuni\u00f3n. No obstante, al tratarse de diversas demandas, se prev\u00e9 que se convoquen nuevas mesas con la participaci\u00f3n de dependencias estatales y federales.<\/p>\n\n\n\n<p>La movilizaci\u00f3n pac\u00edfica, seg\u00fan Leyva Machuca, reuni\u00f3 a m\u00e1s de 640 habitantes de 12 municipios, quienes bloquearon la autopista Cuacnopalan-Oaxaca, la carretera federal 150 M\u00e9xico-Veracruz y la carretera estatal Tehuac\u00e1n-Teotitl\u00e1n, a la altura de San Jos\u00e9 Miahuatl\u00e1n.<\/p>\n\n\n\n<p>Entre las demandas destacan el cese del sobrevuelo de avionetas que esparcen yoduro de plata para inhibir la lluvia, el rechazo a invernaderos operados por empresas chinas, la revisi\u00f3n de concesiones de pozos a compa\u00f1\u00edas av\u00edcolas y porc\u00edcolas, estudios sobre casos de leucemia y malformaciones, atenci\u00f3n a la violencia obst\u00e9trica en el Hospital General, as\u00ed como abasto de medicamentos y personal en unidades de salud, entre otras exigencias.<\/p>\n\n\n\n<p>El l\u00edder campesino advirti\u00f3 que, de persistir el desinter\u00e9s por parte de las autoridades, continuar\u00e1n las movilizaciones en la Sierra Negra, el Valle de Tehuac\u00e1n y la Mixteca poblana, ya que las peticiones han sido ignoradas por m\u00e1s de seis a\u00f1os.<\/p>\n","protected":false},"excerpt":{"rendered":"<p>Luego de mantener bloqueadas por m\u00e1s de tres horas tres importantes carreteras en la regi\u00f3n de Tehuac\u00e1n, integrantes del Movimiento de Autogesti\u00f3n Social, Campesina, Ind\u00edgena, Popular, Coordinadora Nacional Plan de Ayala Movimiento Nacional (Mascip-Cnpa-Mn) liberaron las vialidades tras acordar una reuni\u00f3n con autoridades estatales. El dirigente del movimiento, Jos\u00e9 Luis Leyva Machuca, inform\u00f3 que, mediante [&hellip;]<\/p>\n","protected":false},"author":4,"featured_media":65713,"comment_status":"open","ping_status":"open","sticky":false,"template":"","format":"standard","meta":{"om_disable_all_campaigns":false,"_monsterinsights_skip_tracking":false,"_monsterinsights_sitenote_active":false,"_monsterinsights_sitenote_note":"","_monsterinsights_sitenote_category":0,"footnotes":""},"categories":[175],"tags":[223],"class_list":["post-65712","post","type-post","status-publish","format-standard","has-post-thumbnail","hentry","category-local","tag-puebla"],"amp_enabled":true,"_links":{"self":[{"href":"https:\/\/lahora.mx\/index.php\/wp-json\/wp\/v2\/posts\/65712","targetHints":{"allow":["GET"]}}],"collection":[{"href":"https:\/\/lahora.mx\/index.php\/wp-json\/wp\/v2\/posts"}],"about":[{"href":"https:\/\/lahora.mx\/index.php\/wp-json\/wp\/v2\/types\/post"}],"author":[{"embeddable":true,"href":"https:\/\/lahora.mx\/index.php\/wp-json\/wp\/v2\/users\/4"}],"replies":[{"embeddable":true,"href":"https:\/\/lahora.mx\/index.php\/wp-json\/wp\/v2\/comments?post=65712"}],"version-history":[{"count":1,"href":"https:\/\/lahora.mx\/index.php\/wp-json\/wp\/v2\/posts\/65712\/revisions"}],"predecessor-version":[{"id":65714,"href":"https:\/\/lahora.mx\/index.php\/wp-json\/wp\/v2\/posts\/65712\/revisions\/65714"}],"wp:featuredmedia":[{"embeddable":true,"href":"https:\/\/lahora.mx\/index.php\/wp-json\/wp\/v2\/media\/65713"}],"wp:attachment":[{"href":"https:\/\/lahora.mx\/index.php\/wp-json\/wp\/v2\/media?parent=65712"}],"wp:term":[{"taxonomy":"category","embeddable":true,"href":"https:\/\/lahora.mx\/index.php\/wp-json\/wp\/v2\/categories?post=65712"},{"taxonomy":"post_tag","embeddable":true,"href":"https:\/\/lahora.mx\/index.php\/wp-json\/wp\/v2\/tags?post=65712"}],"curies":[{"name":"wp","href":"https:\/\/api.w.org\/{rel}","templated":true}]}}