{"id":65686,"date":"2025-07-24T00:47:54","date_gmt":"2025-07-24T00:47:54","guid":{"rendered":"https:\/\/lahora.mx\/?p=65686"},"modified":"2025-07-24T00:47:54","modified_gmt":"2025-07-24T00:47:54","slug":"promueve-pepe-chedraui-capacitacion-en-auditoria-forense-para-prevenir-actos-de-corrupcion","status":"publish","type":"post","link":"https:\/\/lahora.mx\/index.php\/2025\/07\/24\/promueve-pepe-chedraui-capacitacion-en-auditoria-forense-para-prevenir-actos-de-corrupcion\/","title":{"rendered":"Promueve Pepe Chedraui capacitaci\u00f3n en auditor\u00eda forense para prevenir actos de corrupci\u00f3n"},"content":{"rendered":"\n<p>A fin de fortalecer una administraci\u00f3n p\u00fablica honesta, transparente y en orden, el Gobierno de la Ciudad llev\u00f3 a cabo la capacitaci\u00f3n \u201cCombate a la Corrupci\u00f3n: Auditor\u00eda Forense\u201d, dirigida a personas servidoras p\u00fablicas de la administraci\u00f3n como parte de una estrategia integral de prevenci\u00f3n y disuasi\u00f3n de posibles actos de corrupci\u00f3n.<\/p>\n\n\n\n<p>Durante su mensaje el presidente municipal, Pepe Chedraui Budib, afirm\u00f3 la importancia de este taller enfocado en la prevenci\u00f3n de la corrupci\u00f3n en la administraci\u00f3n p\u00fablica y el esfuerzo continuo del Gobierno de la Ciudad para fortalecer las capacidades de las personas participantes en la materia,<\/p>\n\n\n\n<p>\u201cContar con estas herramientas nos permite prevenir actos il\u00edcitos, proteger el inter\u00e9s p\u00fablico y conservar la confianza ciudadana, lo cual es fundamental para seguir construyendo un gobierno honesto y en orden\u201d, afirm\u00f3.<\/p>\n\n\n\n<p>Por su parte, la contralora municipal, Dulce Lilia Rivera Aranda, subray\u00f3 que esta capacitaci\u00f3n es una muestra del compromiso institucional para anticiparse a los hechos indebidos. Afirm\u00f3 que el enfoque del presidente municipal es la prevenci\u00f3n, por lo que se llevan a cabo estas capacitaciones de manera profesional.<\/p>\n\n\n\n<p>Agreg\u00f3 que en lo que va de la administraci\u00f3n se han capacitado a 4 mil 104 personas servidoras p\u00fablicas en temas clave como \u00e9tica p\u00fablica, control interno, auditor\u00eda forense, responsabilidades administrativas, legalidad y combate a la corrupci\u00f3n.<\/p>\n\n\n\n<p>\u201cCada uno de estos esfuerzos representa un paso hacia un gobierno m\u00e1s \u00edntegro, m\u00e1s transparente y m\u00e1s cercano a la ciudadan\u00eda. Estos espacios son clave para seguir construyendo una cultura institucional basada en la legalidad, la \u00e9tica y la rendici\u00f3n de cuentas\u201d, concluy\u00f3.<\/p>\n\n\n\n<p>La capacitaci\u00f3n cont\u00f3 con la participaci\u00f3n de Adriana Vald\u00e9s P\u00e9rez, especialista en auditor\u00eda forense y prevenci\u00f3n de la corrupci\u00f3n, gracias al firme compromiso de la Contralor\u00eda Municipal con esta causa.<\/p>\n\n\n\n<p>Tambi\u00e9n estuvo presente la titular de la Sindicatura Municipal, M\u00f3nica Silva; la coordinadora de Transparencia y Municipio Abierto, Laura Elizabeth Garc\u00eda Gonz\u00e1lez, as\u00ed como las y los titulares de las dependencias del Gobierno de la Ciudad.<\/p>\n","protected":false},"excerpt":{"rendered":"<p>A fin de fortalecer una administraci\u00f3n p\u00fablica honesta, transparente y en orden, el Gobierno de la Ciudad llev\u00f3 a cabo la capacitaci\u00f3n \u201cCombate a la Corrupci\u00f3n: Auditor\u00eda Forense\u201d, dirigida a personas servidoras p\u00fablicas de la administraci\u00f3n como parte de una estrategia integral de prevenci\u00f3n y disuasi\u00f3n de posibles actos de corrupci\u00f3n. Durante su mensaje el [&hellip;]<\/p>\n","protected":false},"author":4,"featured_media":65687,"comment_status":"open","ping_status":"open","sticky":false,"template":"","format":"standard","meta":{"om_disable_all_campaigns":false,"_monsterinsights_skip_tracking":false,"_monsterinsights_sitenote_active":false,"_monsterinsights_sitenote_note":"","_monsterinsights_sitenote_category":0,"footnotes":""},"categories":[5],"tags":[223],"class_list":["post-65686","post","type-post","status-publish","format-standard","has-post-thumbnail","hentry","category-politica","tag-puebla"],"amp_enabled":true,"_links":{"self":[{"href":"https:\/\/lahora.mx\/index.php\/wp-json\/wp\/v2\/posts\/65686","targetHints":{"allow":["GET"]}}],"collection":[{"href":"https:\/\/lahora.mx\/index.php\/wp-json\/wp\/v2\/posts"}],"about":[{"href":"https:\/\/lahora.mx\/index.php\/wp-json\/wp\/v2\/types\/post"}],"author":[{"embeddable":true,"href":"https:\/\/lahora.mx\/index.php\/wp-json\/wp\/v2\/users\/4"}],"replies":[{"embeddable":true,"href":"https:\/\/lahora.mx\/index.php\/wp-json\/wp\/v2\/comments?post=65686"}],"version-history":[{"count":1,"href":"https:\/\/lahora.mx\/index.php\/wp-json\/wp\/v2\/posts\/65686\/revisions"}],"predecessor-version":[{"id":65688,"href":"https:\/\/lahora.mx\/index.php\/wp-json\/wp\/v2\/posts\/65686\/revisions\/65688"}],"wp:featuredmedia":[{"embeddable":true,"href":"https:\/\/lahora.mx\/index.php\/wp-json\/wp\/v2\/media\/65687"}],"wp:attachment":[{"href":"https:\/\/lahora.mx\/index.php\/wp-json\/wp\/v2\/media?parent=65686"}],"wp:term":[{"taxonomy":"category","embeddable":true,"href":"https:\/\/lahora.mx\/index.php\/wp-json\/wp\/v2\/categories?post=65686"},{"taxonomy":"post_tag","embeddable":true,"href":"https:\/\/lahora.mx\/index.php\/wp-json\/wp\/v2\/tags?post=65686"}],"curies":[{"name":"wp","href":"https:\/\/api.w.org\/{rel}","templated":true}]}}