{"id":65683,"date":"2025-07-24T00:45:18","date_gmt":"2025-07-24T00:45:18","guid":{"rendered":"https:\/\/lahora.mx\/?p=65683"},"modified":"2025-07-24T00:45:19","modified_gmt":"2025-07-24T00:45:19","slug":"encabeza-pepe-chedraui-supervision-en-el-centro-de-monitoreo-semaforico-de-la-capital","status":"publish","type":"post","link":"https:\/\/lahora.mx\/index.php\/2025\/07\/24\/encabeza-pepe-chedraui-supervision-en-el-centro-de-monitoreo-semaforico-de-la-capital\/","title":{"rendered":"Encabeza Pepe Chedraui supervisi\u00f3n en el Centro de Monitoreo Semaf\u00f3rico de la capital"},"content":{"rendered":"\n<p>Como parte de las acciones que el Gobierno de la Ciudad impulsa en materia de coordinaci\u00f3n interinstitucional, movilidad y seguridad vial, el presidente municipal, Pepe Chedraui Budib realiz\u00f3 un recorrido de supervisi\u00f3n en el Centro de Monitoreo Semaf\u00f3rico de la capital.<\/p>\n\n\n\n<p>Con sede en las instalaciones de la Direcci\u00f3n General de Emergencia y Respuesta Inmediata (DGERI), el edil capitalino destac\u00f3 que, este centro no solo regula el flujo vehicular en tiempo real para evitar congestionamientos, sino que tambi\u00e9n permite actuar de manera inmediata ante situaciones de emergencia, siniestros viales o comportamientos sospechosos en cruceros estrat\u00e9gicos.<\/p>\n\n\n\n<p>\u201cTrabajamos por una capital en orden, donde la tecnolog\u00eda est\u00e9 al servicio de la seguridad, la movilidad y la tranquilidad de nuestras familias. Continuaremos invirtiendo en infraestructura inteligente que, como el Centro de Monitoreo Semaf\u00f3rico, nos permita construir una comunidad m\u00e1s segura, moderna y con mejor calidad de vida para todos\u201d, puntualiz\u00f3.<\/p>\n\n\n\n<p>Al respecto, el secretario General de Gobierno, Franco Rodr\u00edguez mencion\u00f3 que, con esta estrategia integral, se fortalece la atenci\u00f3n a la ciudadan\u00eda, se reducen los tiempos de respuesta ante situaciones de riesgo y se coadyuva a la estrategia de seguridad en la capital.<\/p>\n\n\n\n<p>\u201cGracias a la integraci\u00f3n de c\u00e1maras de videovigilancia y una red de semaforizaci\u00f3n inteligente, tenemos la capacidad de monitorear zonas clave para responder con mayor rapidez y eficacia\u201d, subray\u00f3.<\/p>\n\n\n\n<p>Por su parte, el titular de la Secretar\u00eda de Seguridad Ciudadana, coronel de Infanter\u00eda E. M., F\u00e9lix Pallares Miranda se\u00f1al\u00f3 que con estas acciones que encabeza el alcalde Pepe Chedraui se fortalecen los protocolos de actuaci\u00f3n policial y se refuerza en trabajo colaborativo con otras dependencias municipales.<\/p>\n\n\n\n<p>\u201cSumamos esfuerzos por una Puebla m\u00e1s segura, donde el uso de la tecnolog\u00eda se pone al servicio de la funci\u00f3n policial y la prevenci\u00f3n del delito\u201d, a\u00f1adi\u00f3.<\/p>\n\n\n\n<p>En su intervenci\u00f3n, el secretario de Movilidad e Infraestructura, David Aysa precis\u00f3 que, durante los trabajos de supervisi\u00f3n, se revisaron los procesos de control en tiempo real, los ciclos semaf\u00f3ricos, el enlace con c\u00e1maras de videovigilancia y los protocolos de respuesta ante incidentes viales.<\/p>\n\n\n\n<p>\u201cSeguimos trabajando en la modernizaci\u00f3n de la red semaf\u00f3rica de la ciudad, para consolidar un modelo de movilidad urbana eficiente, seguro y sustentable\u201d, expres\u00f3.<\/p>\n\n\n\n<p>El Gobierno de la Ciudad que encabeza el alcalde Pepe Chedraui Budib refrenda su compromiso de construir una capital en orden, con un modelo estrat\u00e9gico de movilidad y seguridad vial.<\/p>\n","protected":false},"excerpt":{"rendered":"<p>Como parte de las acciones que el Gobierno de la Ciudad impulsa en materia de coordinaci\u00f3n interinstitucional, movilidad y seguridad vial, el presidente municipal, Pepe Chedraui Budib realiz\u00f3 un recorrido de supervisi\u00f3n en el Centro de Monitoreo Semaf\u00f3rico de la capital. Con sede en las instalaciones de la Direcci\u00f3n General de Emergencia y Respuesta Inmediata [&hellip;]<\/p>\n","protected":false},"author":4,"featured_media":65684,"comment_status":"open","ping_status":"open","sticky":false,"template":"","format":"standard","meta":{"om_disable_all_campaigns":false,"_monsterinsights_skip_tracking":false,"_monsterinsights_sitenote_active":false,"_monsterinsights_sitenote_note":"","_monsterinsights_sitenote_category":0,"footnotes":""},"categories":[175,5],"tags":[223],"class_list":["post-65683","post","type-post","status-publish","format-standard","has-post-thumbnail","hentry","category-local","category-politica","tag-puebla"],"amp_enabled":true,"_links":{"self":[{"href":"https:\/\/lahora.mx\/index.php\/wp-json\/wp\/v2\/posts\/65683","targetHints":{"allow":["GET"]}}],"collection":[{"href":"https:\/\/lahora.mx\/index.php\/wp-json\/wp\/v2\/posts"}],"about":[{"href":"https:\/\/lahora.mx\/index.php\/wp-json\/wp\/v2\/types\/post"}],"author":[{"embeddable":true,"href":"https:\/\/lahora.mx\/index.php\/wp-json\/wp\/v2\/users\/4"}],"replies":[{"embeddable":true,"href":"https:\/\/lahora.mx\/index.php\/wp-json\/wp\/v2\/comments?post=65683"}],"version-history":[{"count":1,"href":"https:\/\/lahora.mx\/index.php\/wp-json\/wp\/v2\/posts\/65683\/revisions"}],"predecessor-version":[{"id":65685,"href":"https:\/\/lahora.mx\/index.php\/wp-json\/wp\/v2\/posts\/65683\/revisions\/65685"}],"wp:featuredmedia":[{"embeddable":true,"href":"https:\/\/lahora.mx\/index.php\/wp-json\/wp\/v2\/media\/65684"}],"wp:attachment":[{"href":"https:\/\/lahora.mx\/index.php\/wp-json\/wp\/v2\/media?parent=65683"}],"wp:term":[{"taxonomy":"category","embeddable":true,"href":"https:\/\/lahora.mx\/index.php\/wp-json\/wp\/v2\/categories?post=65683"},{"taxonomy":"post_tag","embeddable":true,"href":"https:\/\/lahora.mx\/index.php\/wp-json\/wp\/v2\/tags?post=65683"}],"curies":[{"name":"wp","href":"https:\/\/api.w.org\/{rel}","templated":true}]}}