{"id":65671,"date":"2025-07-24T00:21:16","date_gmt":"2025-07-24T00:21:16","guid":{"rendered":"https:\/\/lahora.mx\/?p=65671"},"modified":"2025-07-24T00:21:17","modified_gmt":"2025-07-24T00:21:17","slug":"puebla-se-suma-a-estrategia-de-seguridad-federal-cero-robos-en-carreteras","status":"publish","type":"post","link":"https:\/\/lahora.mx\/index.php\/2025\/07\/24\/puebla-se-suma-a-estrategia-de-seguridad-federal-cero-robos-en-carreteras\/","title":{"rendered":"Puebla se suma a estrategia de seguridad federal \u201cCero Robos\u201d en carreteras"},"content":{"rendered":"\n<p>Para reforzar la seguridad en carreteras federales, el Gobierno del Estado de Puebla, encabezado por Alejandro Armenta, se suma a las acciones de la estrategia \u201cCero Robos\u201d, que impulsa la presidenta Claudia Sheinbaum para inhibir este tipo de delitos en la autopista M\u00e9xico-Puebla.<\/p>\n\n\n\n<p>Al respecto, el gobernador Alejandro Armenta asegur\u00f3 que su administraci\u00f3n, para el final de su sexenio, dejar\u00e1 listas todas las entradas y salidas de Puebla con sistemas de control de vigilancia, Centros Estrat\u00e9gicos de Seguridad y Atenci\u00f3n al Turismo, con todas las carreteras rehabilitadas.<\/p>\n\n\n\n<p>Adem\u00e1s, la Secretar\u00eda de Seguridad P\u00fablica (SSP) coordina esfuerzos con la Guardia Nacional para la implementaci\u00f3n de patrullajes a\u00e9reos y terrestres, as\u00ed como monitoreo permanente con apoyo de 13 torres de videovigilancia, en tramos carreteros de las autopistas M\u00e9xico-Puebla, Puebla-Veracruz, Cuapiaxtla-Cuacnopalan y Tlaxco-Tejocotal.<\/p>\n\n\n\n<p>Para fortalecer la estrategia de combate al robo en carreteras y como parte del operativo \u201cVacaciones Seguras Verano 2025\u201d, m\u00e1s de 4 mil elementos de los tres niveles de gobierno implementan puntos de control itinerantes, patrullajes focalizados y monitoreo en tiempo real mediante tecnolog\u00eda conectada al C5i.<\/p>\n\n\n\n<p>Estas acciones se suman al despliegue del Gobierno de M\u00e9xico de 302 efectivos, 131 radiopatrullas, cinco c\u00e9lulas de inteligencia, tres helic\u00f3pteros y aeronaves no tripuladas.<\/p>\n\n\n\n<p>Mediante el trabajo coordinado con autoridades federales, el Gobierno del Estado de Puebla fortalece las acciones de prevenci\u00f3n del delito y vigilancia para inhibir riesgos en carreteras y garantizar el tr\u00e1nsito seguro de mercanc\u00edas.<\/p>\n","protected":false},"excerpt":{"rendered":"<p>Para reforzar la seguridad en carreteras federales, el Gobierno del Estado de Puebla, encabezado por Alejandro Armenta, se suma a las acciones de la estrategia \u201cCero Robos\u201d, que impulsa la presidenta Claudia Sheinbaum para inhibir este tipo de delitos en la autopista M\u00e9xico-Puebla. Al respecto, el gobernador Alejandro Armenta asegur\u00f3 que su administraci\u00f3n, para el [&hellip;]<\/p>\n","protected":false},"author":4,"featured_media":65672,"comment_status":"open","ping_status":"open","sticky":false,"template":"","format":"standard","meta":{"om_disable_all_campaigns":false,"_monsterinsights_skip_tracking":false,"_monsterinsights_sitenote_active":false,"_monsterinsights_sitenote_note":"","_monsterinsights_sitenote_category":0,"footnotes":""},"categories":[175],"tags":[239,195,223],"class_list":["post-65671","post","type-post","status-publish","format-standard","has-post-thumbnail","hentry","category-local","tag-gobierno","tag-principal","tag-puebla"],"amp_enabled":true,"_links":{"self":[{"href":"https:\/\/lahora.mx\/index.php\/wp-json\/wp\/v2\/posts\/65671","targetHints":{"allow":["GET"]}}],"collection":[{"href":"https:\/\/lahora.mx\/index.php\/wp-json\/wp\/v2\/posts"}],"about":[{"href":"https:\/\/lahora.mx\/index.php\/wp-json\/wp\/v2\/types\/post"}],"author":[{"embeddable":true,"href":"https:\/\/lahora.mx\/index.php\/wp-json\/wp\/v2\/users\/4"}],"replies":[{"embeddable":true,"href":"https:\/\/lahora.mx\/index.php\/wp-json\/wp\/v2\/comments?post=65671"}],"version-history":[{"count":1,"href":"https:\/\/lahora.mx\/index.php\/wp-json\/wp\/v2\/posts\/65671\/revisions"}],"predecessor-version":[{"id":65673,"href":"https:\/\/lahora.mx\/index.php\/wp-json\/wp\/v2\/posts\/65671\/revisions\/65673"}],"wp:featuredmedia":[{"embeddable":true,"href":"https:\/\/lahora.mx\/index.php\/wp-json\/wp\/v2\/media\/65672"}],"wp:attachment":[{"href":"https:\/\/lahora.mx\/index.php\/wp-json\/wp\/v2\/media?parent=65671"}],"wp:term":[{"taxonomy":"category","embeddable":true,"href":"https:\/\/lahora.mx\/index.php\/wp-json\/wp\/v2\/categories?post=65671"},{"taxonomy":"post_tag","embeddable":true,"href":"https:\/\/lahora.mx\/index.php\/wp-json\/wp\/v2\/tags?post=65671"}],"curies":[{"name":"wp","href":"https:\/\/api.w.org\/{rel}","templated":true}]}}