{"id":65668,"date":"2025-07-23T20:23:34","date_gmt":"2025-07-23T20:23:34","guid":{"rendered":"https:\/\/lahora.mx\/?p=65668"},"modified":"2025-07-23T20:23:34","modified_gmt":"2025-07-23T20:23:34","slug":"marina-descarta-sobrevuelos-de-drones-de-uso-criminal-en-la-frontera-con-eu-no-han-sido-detectados-asegura","status":"publish","type":"post","link":"https:\/\/lahora.mx\/index.php\/2025\/07\/23\/marina-descarta-sobrevuelos-de-drones-de-uso-criminal-en-la-frontera-con-eu-no-han-sido-detectados-asegura\/","title":{"rendered":"Marina descarta sobrevuelos de drones de uso criminal en la frontera con EU; \u00abno han sido detectados\u00bb, asegura"},"content":{"rendered":"\n<p>El secretario de Marina, Almirante Raymundo Pedro Morales \u00c1ngeles, descart\u00f3 la presencia de drones para uso criminal en la frontera con Estados Unidos.<\/p>\n\n\n\n<p>Lo anterior al ser cuestionada sobre los se\u00f1alamientos de autoridades norteamericanas sobre posibles ataques.<\/p>\n\n\n\n<p>\u00abLos drones que utiliza la delincuencia son comerciales, para recreaci\u00f3n, y se han usado en algunas \u00e1reas para usos criminales, pero no se ha detectado que ese tipo de drones est\u00e9n en la frontera\u00bb, asegur\u00f3.<\/p>\n\n\n\n<p>Lee tambi\u00e9n EU dice que es \u00abcuesti\u00f3n de tiempo\u00bb antes de que narco mexicano ataque con drones su territorio; asegura ser\u00eda en la zona fronteriza<\/p>\n\n\n\n<p>No obstante, el almirante reconoci\u00f3 que \u00abhubo alguna informaci\u00f3n de alguno que lo vieron del lado mexicano, no al cruzar del otro lado (de la frontera).<\/p>\n\n\n\n<p>Cabe mencionar que Steven Willoughby, jefe del programa anti-drones de la Oficina de Estrategia, Pol\u00edtica y Planes del Departamento de Seguridad Nacional, declar\u00f3 que solo es cuesti\u00f3n de tiempo antes de que los estadounidenses o las fuerzas del orden sean blanco de ataques en la frontera con M\u00e9xico.<\/p>\n\n\n\n<p>En ese sentido, la presidenta Claudia Sheinbaum Pardo record\u00f3 que actualmente en la frontera con Estados Unidos hay una colaboraci\u00f3n permanente que est\u00e1 la operaci\u00f3n frontera con 10 mil elementos de la Guardia Nacional, \u00ab(\u2026) hay comunicaci\u00f3n, no hay nada digamos en particular de que alertarse en este momento\u00bb, asegur\u00f3.<\/p>\n","protected":false},"excerpt":{"rendered":"<p>El secretario de Marina, Almirante Raymundo Pedro Morales \u00c1ngeles, descart\u00f3 la presencia de drones para uso criminal en la frontera con Estados Unidos. Lo anterior al ser cuestionada sobre los se\u00f1alamientos de autoridades norteamericanas sobre posibles ataques. \u00abLos drones que utiliza la delincuencia son comerciales, para recreaci\u00f3n, y se han usado en algunas \u00e1reas para [&hellip;]<\/p>\n","protected":false},"author":4,"featured_media":65669,"comment_status":"open","ping_status":"open","sticky":false,"template":"","format":"standard","meta":{"om_disable_all_campaigns":false,"_monsterinsights_skip_tracking":false,"_monsterinsights_sitenote_active":false,"_monsterinsights_sitenote_note":"","_monsterinsights_sitenote_category":0,"footnotes":""},"categories":[176],"tags":[],"class_list":["post-65668","post","type-post","status-publish","format-standard","has-post-thumbnail","hentry","category-nacional"],"amp_enabled":true,"_links":{"self":[{"href":"https:\/\/lahora.mx\/index.php\/wp-json\/wp\/v2\/posts\/65668","targetHints":{"allow":["GET"]}}],"collection":[{"href":"https:\/\/lahora.mx\/index.php\/wp-json\/wp\/v2\/posts"}],"about":[{"href":"https:\/\/lahora.mx\/index.php\/wp-json\/wp\/v2\/types\/post"}],"author":[{"embeddable":true,"href":"https:\/\/lahora.mx\/index.php\/wp-json\/wp\/v2\/users\/4"}],"replies":[{"embeddable":true,"href":"https:\/\/lahora.mx\/index.php\/wp-json\/wp\/v2\/comments?post=65668"}],"version-history":[{"count":1,"href":"https:\/\/lahora.mx\/index.php\/wp-json\/wp\/v2\/posts\/65668\/revisions"}],"predecessor-version":[{"id":65670,"href":"https:\/\/lahora.mx\/index.php\/wp-json\/wp\/v2\/posts\/65668\/revisions\/65670"}],"wp:featuredmedia":[{"embeddable":true,"href":"https:\/\/lahora.mx\/index.php\/wp-json\/wp\/v2\/media\/65669"}],"wp:attachment":[{"href":"https:\/\/lahora.mx\/index.php\/wp-json\/wp\/v2\/media?parent=65668"}],"wp:term":[{"taxonomy":"category","embeddable":true,"href":"https:\/\/lahora.mx\/index.php\/wp-json\/wp\/v2\/categories?post=65668"},{"taxonomy":"post_tag","embeddable":true,"href":"https:\/\/lahora.mx\/index.php\/wp-json\/wp\/v2\/tags?post=65668"}],"curies":[{"name":"wp","href":"https:\/\/api.w.org\/{rel}","templated":true}]}}