{"id":65662,"date":"2025-07-23T16:48:43","date_gmt":"2025-07-23T16:48:43","guid":{"rendered":"https:\/\/lahora.mx\/?p=65662"},"modified":"2025-07-23T16:48:44","modified_gmt":"2025-07-23T16:48:44","slug":"empresas-automotrices-no-se-van-de-mexico-asegura-sheinbaum","status":"publish","type":"post","link":"https:\/\/lahora.mx\/index.php\/2025\/07\/23\/empresas-automotrices-no-se-van-de-mexico-asegura-sheinbaum\/","title":{"rendered":"Empresas automotrices no se van de M\u00e9xico, asegura Sheinbaum"},"content":{"rendered":"\n<p>La presidenta de M\u00e9xico,\u00a0<br><strong>Claudia Sheinbaum<\/strong>\u00a0, asegur\u00f3 que\u00a0<br><strong>ninguna empresa automotriz ha manifestado su intenci\u00f3n de abandonar el pa\u00eds<\/strong>\u00a0, a pesar de la incertidumbre generada por los recientes ajustes arancelarios y las tensiones comerciales con Estados Unidos.<br><br>Durante su conferencia matutina, Sheinbaum explic\u00f3 que las compa\u00f1\u00edas automotrices que exportan bajo el Tratado entre M\u00e9xico, Estados Unidos y Canad\u00e1 (T-MEC) mantienen beneficios arancelarios gracias al cumplimiento de la regla de origen , que exige determinado porcentaje de contenido regional en la fabricaci\u00f3n de los veh\u00edculos.<\/p>\n\n\n\n<p>\u201cNinguna empresa nos ha dicho que se va a mover de nuestro pa\u00eds\u201d, afirm\u00f3 la mandataria, al tiempo que destac\u00f3 que incluso Nissan traslad\u00f3 parte de su producci\u00f3n desde Argentina a M\u00e9xico , como muestra de confianza en la capacidad industrial nacional.<\/p>\n\n\n\n<p>Tambi\u00e9n aclar\u00f3 que algunas empresas europeas, que exportan bajo la figura de naci\u00f3n m\u00e1s favorecida y enfrentan aranceles m\u00e1s altos, tampoco han planteado reubicaciones . A\u00f1adi\u00f3 que el traslado de una planta automotriz implica inversiones de millas de millones de d\u00f3lares y un largo proceso de implementaci\u00f3n , por lo que no es una decisi\u00f3n que se tome a la ligera.<\/p>\n\n\n\n<p>Finalmente, Sheinbaum asegur\u00f3 que su administraci\u00f3n mantiene comunicaci\u00f3n directa con las empresas del sector y con la Secretar\u00eda de Econom\u00eda para garantizar la certidumbre en el entorno comercial y promover la permanencia de inversiones en el pa\u00eds.<\/p>\n","protected":false},"excerpt":{"rendered":"<p>La presidenta de M\u00e9xico,\u00a0Claudia Sheinbaum\u00a0, asegur\u00f3 que\u00a0ninguna empresa automotriz ha manifestado su intenci\u00f3n de abandonar el pa\u00eds\u00a0, a pesar de la incertidumbre generada por los recientes ajustes arancelarios y las tensiones comerciales con Estados Unidos. Durante su conferencia matutina, Sheinbaum explic\u00f3 que las compa\u00f1\u00edas automotrices que exportan bajo el Tratado entre M\u00e9xico, Estados Unidos y [&hellip;]<\/p>\n","protected":false},"author":4,"featured_media":65663,"comment_status":"open","ping_status":"open","sticky":false,"template":"","format":"standard","meta":{"om_disable_all_campaigns":false,"_monsterinsights_skip_tracking":false,"_monsterinsights_sitenote_active":false,"_monsterinsights_sitenote_note":"","_monsterinsights_sitenote_category":0,"footnotes":""},"categories":[176],"tags":[],"class_list":["post-65662","post","type-post","status-publish","format-standard","has-post-thumbnail","hentry","category-nacional"],"amp_enabled":true,"_links":{"self":[{"href":"https:\/\/lahora.mx\/index.php\/wp-json\/wp\/v2\/posts\/65662","targetHints":{"allow":["GET"]}}],"collection":[{"href":"https:\/\/lahora.mx\/index.php\/wp-json\/wp\/v2\/posts"}],"about":[{"href":"https:\/\/lahora.mx\/index.php\/wp-json\/wp\/v2\/types\/post"}],"author":[{"embeddable":true,"href":"https:\/\/lahora.mx\/index.php\/wp-json\/wp\/v2\/users\/4"}],"replies":[{"embeddable":true,"href":"https:\/\/lahora.mx\/index.php\/wp-json\/wp\/v2\/comments?post=65662"}],"version-history":[{"count":1,"href":"https:\/\/lahora.mx\/index.php\/wp-json\/wp\/v2\/posts\/65662\/revisions"}],"predecessor-version":[{"id":65664,"href":"https:\/\/lahora.mx\/index.php\/wp-json\/wp\/v2\/posts\/65662\/revisions\/65664"}],"wp:featuredmedia":[{"embeddable":true,"href":"https:\/\/lahora.mx\/index.php\/wp-json\/wp\/v2\/media\/65663"}],"wp:attachment":[{"href":"https:\/\/lahora.mx\/index.php\/wp-json\/wp\/v2\/media?parent=65662"}],"wp:term":[{"taxonomy":"category","embeddable":true,"href":"https:\/\/lahora.mx\/index.php\/wp-json\/wp\/v2\/categories?post=65662"},{"taxonomy":"post_tag","embeddable":true,"href":"https:\/\/lahora.mx\/index.php\/wp-json\/wp\/v2\/tags?post=65662"}],"curies":[{"name":"wp","href":"https:\/\/api.w.org\/{rel}","templated":true}]}}