{"id":65653,"date":"2025-07-23T16:24:16","date_gmt":"2025-07-23T16:24:16","guid":{"rendered":"https:\/\/lahora.mx\/?p=65653"},"modified":"2025-07-23T16:24:17","modified_gmt":"2025-07-23T16:24:17","slug":"se-registraron-bloqueos-en-la-autopista-mexico-queretaro","status":"publish","type":"post","link":"https:\/\/lahora.mx\/index.php\/2025\/07\/23\/se-registraron-bloqueos-en-la-autopista-mexico-queretaro\/","title":{"rendered":"Se registraron bloqueos en la autopista M\u00e9xico-Quer\u00e9taro"},"content":{"rendered":"\n<p>Por lo menos dos bloqueos provocaron que se registrara una lenta circulaci\u00f3n en la autopista M\u00e9xico-Quer\u00e9taro durante la noche del pasado martes y madrugada de este mi\u00e9rcoles.<br><br>El problema se comenz\u00f3 a generar desde la noche del pasado martes 22 de julio cuando habitantes bloquearon dicha autopista, a la altura del kil\u00f3metro 93, aunque la protesta se dio de manera intermitente, ya que durante la madrugada se reabri\u00f3 y volvi\u00f3 a cerrar la circulaci\u00f3n en varias ocasiones.<\/p>\n\n\n\n<p>Ya durante la ma\u00f1ana de este mi\u00e9rcoles, Caminos y Puentes Federales (Capufe) dio a conocer el retiro de los manifestantes, por lo que la circulaci\u00f3n de automovilistas fue reactivada en dicha autopista.<\/p>\n\n\n\n<p>Cabe destacar que el cierre vial lleg\u00f3 hasta el Arco Norte, donde la circulaci\u00f3n se vio afectada.<\/p>\n\n\n\n<p>Sin embargo, la Agrupaci\u00f3n de Transportistas, Comerciantes y Anexas del Estado de M\u00e9xico (ACME) realiz\u00f3 movilizaciones en la M\u00e9xico-Quer\u00e9taro y otras autopistas, la cual fue por la privaci\u00f3n de la libertad del coordinador en Jilotepec, Bernardo Aldana, tras negarse a pagar una extorsi\u00f3n.<\/p>\n\n\n\n<p>De tal manera, dicha organizaci\u00f3n convoc\u00f3 a su base operativa a movilizarse en la:<\/p>\n\n\n\n<p>Carreteras M\u00e9xico-Texcoco y Pe\u00f1\u00f3n-Texcoco<\/p>\n\n\n\n<p>Autopista M\u00e9xico-Quer\u00e9taro, caseta de Tepotzotl\u00e1n<\/p>\n\n\n\n<p>Autopista M\u00e9xico-Toluca<\/p>\n\n\n\n<p>Autopista M\u00e9xico-Pachuca<\/p>\n\n\n\n<p>Autopista M\u00e9xico-Puebla, en el distribuidor vial La Concordia<\/p>\n\n\n\n<p>Autopista M\u00e9xico-Cuernavaca<\/p>\n","protected":false},"excerpt":{"rendered":"<p>Por lo menos dos bloqueos provocaron que se registrara una lenta circulaci\u00f3n en la autopista M\u00e9xico-Quer\u00e9taro durante la noche del pasado martes y madrugada de este mi\u00e9rcoles. El problema se comenz\u00f3 a generar desde la noche del pasado martes 22 de julio cuando habitantes bloquearon dicha autopista, a la altura del kil\u00f3metro 93, aunque la [&hellip;]<\/p>\n","protected":false},"author":4,"featured_media":65654,"comment_status":"open","ping_status":"open","sticky":false,"template":"","format":"standard","meta":{"om_disable_all_campaigns":false,"_monsterinsights_skip_tracking":false,"_monsterinsights_sitenote_active":false,"_monsterinsights_sitenote_note":"","_monsterinsights_sitenote_category":0,"footnotes":""},"categories":[176],"tags":[],"class_list":["post-65653","post","type-post","status-publish","format-standard","has-post-thumbnail","hentry","category-nacional"],"amp_enabled":true,"_links":{"self":[{"href":"https:\/\/lahora.mx\/index.php\/wp-json\/wp\/v2\/posts\/65653","targetHints":{"allow":["GET"]}}],"collection":[{"href":"https:\/\/lahora.mx\/index.php\/wp-json\/wp\/v2\/posts"}],"about":[{"href":"https:\/\/lahora.mx\/index.php\/wp-json\/wp\/v2\/types\/post"}],"author":[{"embeddable":true,"href":"https:\/\/lahora.mx\/index.php\/wp-json\/wp\/v2\/users\/4"}],"replies":[{"embeddable":true,"href":"https:\/\/lahora.mx\/index.php\/wp-json\/wp\/v2\/comments?post=65653"}],"version-history":[{"count":1,"href":"https:\/\/lahora.mx\/index.php\/wp-json\/wp\/v2\/posts\/65653\/revisions"}],"predecessor-version":[{"id":65655,"href":"https:\/\/lahora.mx\/index.php\/wp-json\/wp\/v2\/posts\/65653\/revisions\/65655"}],"wp:featuredmedia":[{"embeddable":true,"href":"https:\/\/lahora.mx\/index.php\/wp-json\/wp\/v2\/media\/65654"}],"wp:attachment":[{"href":"https:\/\/lahora.mx\/index.php\/wp-json\/wp\/v2\/media?parent=65653"}],"wp:term":[{"taxonomy":"category","embeddable":true,"href":"https:\/\/lahora.mx\/index.php\/wp-json\/wp\/v2\/categories?post=65653"},{"taxonomy":"post_tag","embeddable":true,"href":"https:\/\/lahora.mx\/index.php\/wp-json\/wp\/v2\/tags?post=65653"}],"curies":[{"name":"wp","href":"https:\/\/api.w.org\/{rel}","templated":true}]}}