{"id":65650,"date":"2025-07-23T16:21:27","date_gmt":"2025-07-23T16:21:27","guid":{"rendered":"https:\/\/lahora.mx\/?p=65650"},"modified":"2025-07-23T16:22:35","modified_gmt":"2025-07-23T16:22:35","slug":"puertos-mexicanos-recibiran-mas-de-296-mil-millones-en-inversion","status":"publish","type":"post","link":"https:\/\/lahora.mx\/index.php\/2025\/07\/23\/puertos-mexicanos-recibiran-mas-de-296-mil-millones-en-inversion\/","title":{"rendered":"Puertos mexicanos recibir\u00e1n m\u00e1s de 296 mil millones en inversi\u00f3n"},"content":{"rendered":"\n<p>El gobierno de M\u00e9xico destinar\u00e1 m\u00e1s de 55 mil millones de pesos en inversi\u00f3n p\u00fablica para la modernizaci\u00f3n de puertos estrat\u00e9gicos del pa\u00eds, inform\u00f3 el almirante Raymundo Pedro Morales \u00c1ngeles durante la conferencia matutina encabezada por la presidenta Claudia Sheinbaum. Este esfuerzo busca detonar tambi\u00e9n una inversi\u00f3n privada estimada en m\u00e1s de 241 mil millones de pesos, lo que representa uno de los planes de infraestructura portuaria m\u00e1s ambiciosos de la actual administraci\u00f3n.<br><br>Entre los puertos contemplados se encuentra Ensenada, donde se construye un centro de control de tr\u00e1fico mar\u00edtimo, se ampliar\u00e1 la d\u00e1rsena de maniobras y se edificar\u00e1 una nueva terminal de pasajeros para conexi\u00f3n con San Diego. La inversi\u00f3n p\u00fablica en esta zona supera los 700 millones de pesos y se espera atraer capital privado por 1,500 millones de pesos.<\/p>\n\n\n\n<p>En Manzanillo, se avanza en la creaci\u00f3n de un nuevo complejo portuario en la laguna de Cuyutl\u00e1n, con un dragado valuado en m\u00e1s de 18 mil millones de pesos. El proyecto contempla cinco terminales y mejor conectividad ferroviaria y carretera, con lo cual se espera convertir a Manzanillo en el principal puerto de Am\u00e9rica Latina en movimiento de contenedores. Las inversiones privadas en este punto podr\u00edan superar los 88 mil millones de pesos.<\/p>\n\n\n\n<p>El puerto de L\u00e1zaro C\u00e1rdenas tambi\u00e9n ser\u00e1 transformado con la ampliaci\u00f3n de la isla La Palma, una nueva aduana, vialidades urbanas en zonas aleda\u00f1as y mejoras en su aer\u00f3dromo, con una inversi\u00f3n p\u00fablica superior a los 7,800 millones de pesos. Empresas privadas como Terminals y Hutchinson Ports invertir\u00e1n m\u00e1s de 5,700 millones de pesos en ampliar sus terminales.<\/p>\n\n\n\n<p>Por su parte, en Acapulco se redefinir\u00e1 la vocaci\u00f3n tur\u00edstica del puerto mediante el desarrollo del proyecto Marina Bus, la remodelaci\u00f3n del malec\u00f3n, el rescate del jard\u00edn del puerto y la construcci\u00f3n de una nueva terminal de cruceros. Las inversiones p\u00fablicas y privadas superan los 670 millones de pesos.<\/p>\n\n\n\n<p>En Veracruz, se construir\u00e1n nuevas obras de protecci\u00f3n para la Bah\u00eda Norte, se ampliar\u00e1 la aduana y se instalar\u00e1 una torre de control de navegaci\u00f3n. La inversi\u00f3n p\u00fablica supera los 7,700 millones de pesos, mientras que se prev\u00e9 una inversi\u00f3n privada adicional en infraestructura tur\u00edstica y de carga por m\u00e1s de 4 mil millones de pesos.<\/p>\n\n\n\n<p>Finalmente, el puerto de Progreso, en Yucat\u00e1n, se ampliar\u00e1 con dos plataformas de 40 hect\u00e1reas cada una, gracias a una inversi\u00f3n federal de 9,200 millones de pesos, adem\u00e1s de los 1,500 millones ya aportados por el gobierno estatal. Este puerto busca consolidarse como el m\u00e1s importante de la pen\u00ednsula, reforzando su rol estrat\u00e9gico en el abastecimiento del Caribe mexicano.<\/p>\n\n\n\n<p>Este paquete de modernizaci\u00f3n contempla adem\u00e1s inversiones en Guaymas, Altamira, y puertos del Corredor Interoce\u00e1nico del Istmo de Tehuantepec, con lo que el gobierno federal apuesta por consolidar un sistema portuario competitivo y eficiente, alineado a las necesidades log\u00edsticas y comerciales del pa\u00eds.<\/p>\n","protected":false},"excerpt":{"rendered":"<p>El gobierno de M\u00e9xico destinar\u00e1 m\u00e1s de 55 mil millones de pesos en inversi\u00f3n p\u00fablica para la modernizaci\u00f3n de puertos estrat\u00e9gicos del pa\u00eds, inform\u00f3 el almirante Raymundo Pedro Morales \u00c1ngeles durante la conferencia matutina encabezada por la presidenta Claudia Sheinbaum. Este esfuerzo busca detonar tambi\u00e9n una inversi\u00f3n privada estimada en m\u00e1s de 241 mil millones [&hellip;]<\/p>\n","protected":false},"author":4,"featured_media":65652,"comment_status":"open","ping_status":"open","sticky":false,"template":"","format":"standard","meta":{"om_disable_all_campaigns":false,"_monsterinsights_skip_tracking":false,"_monsterinsights_sitenote_active":false,"_monsterinsights_sitenote_note":"","_monsterinsights_sitenote_category":0,"footnotes":""},"categories":[176,2],"tags":[],"class_list":["post-65650","post","type-post","status-publish","format-standard","has-post-thumbnail","hentry","category-nacional","category-negocios"],"amp_enabled":true,"_links":{"self":[{"href":"https:\/\/lahora.mx\/index.php\/wp-json\/wp\/v2\/posts\/65650","targetHints":{"allow":["GET"]}}],"collection":[{"href":"https:\/\/lahora.mx\/index.php\/wp-json\/wp\/v2\/posts"}],"about":[{"href":"https:\/\/lahora.mx\/index.php\/wp-json\/wp\/v2\/types\/post"}],"author":[{"embeddable":true,"href":"https:\/\/lahora.mx\/index.php\/wp-json\/wp\/v2\/users\/4"}],"replies":[{"embeddable":true,"href":"https:\/\/lahora.mx\/index.php\/wp-json\/wp\/v2\/comments?post=65650"}],"version-history":[{"count":1,"href":"https:\/\/lahora.mx\/index.php\/wp-json\/wp\/v2\/posts\/65650\/revisions"}],"predecessor-version":[{"id":65651,"href":"https:\/\/lahora.mx\/index.php\/wp-json\/wp\/v2\/posts\/65650\/revisions\/65651"}],"wp:featuredmedia":[{"embeddable":true,"href":"https:\/\/lahora.mx\/index.php\/wp-json\/wp\/v2\/media\/65652"}],"wp:attachment":[{"href":"https:\/\/lahora.mx\/index.php\/wp-json\/wp\/v2\/media?parent=65650"}],"wp:term":[{"taxonomy":"category","embeddable":true,"href":"https:\/\/lahora.mx\/index.php\/wp-json\/wp\/v2\/categories?post=65650"},{"taxonomy":"post_tag","embeddable":true,"href":"https:\/\/lahora.mx\/index.php\/wp-json\/wp\/v2\/tags?post=65650"}],"curies":[{"name":"wp","href":"https:\/\/api.w.org\/{rel}","templated":true}]}}