{"id":65644,"date":"2025-07-23T16:13:07","date_gmt":"2025-07-23T16:13:07","guid":{"rendered":"https:\/\/lahora.mx\/?p=65644"},"modified":"2025-07-23T16:13:08","modified_gmt":"2025-07-23T16:13:08","slug":"comando-armado-incendia-camion-de-pasajeros-en-salamanca-guanajuato","status":"publish","type":"post","link":"https:\/\/lahora.mx\/index.php\/2025\/07\/23\/comando-armado-incendia-camion-de-pasajeros-en-salamanca-guanajuato\/","title":{"rendered":"Comando armado incendia cami\u00f3n de pasajeros en Salamanca, Guanajuato"},"content":{"rendered":"\n<p><strong>Despu\u00e9s de que un cami\u00f3n del transporte p\u00fablico fue incendiado en el municipio de Salamanca, Guanajuato,<\/strong>\u00a0dicho hecho ya es investigado por parte de las autoridades locales.<br><br>El siniestro se registr\u00f3 el pasado martes 22 de julio sobre la carretera Salamanca-C\u00e1rdenas, donde los pasajeros narraron que sujetos armados interceptaron la unidad y los obligaron a descender, incluso el conductor tambi\u00e9n fue desalojado.<\/p>\n\n\n\n<p>Cuando ya no hab\u00eda personas al interior del cami\u00f3n, el mismo fue incendiado.<\/p>\n\n\n\n<p>Al respecto, el alcalde de Salamanca, C\u00e9sar Prieto, dio a conocer que las autoridades ya investigan el motivo y confirm\u00f3 que afortunadamente ninguna persona result\u00f3 lesionada.<\/p>\n\n\n\n<p>Al lugar arribaron elementos de Protecci\u00f3n Civil, Bomberos, Polic\u00eda Municipal y personas de Vialidad.<\/p>\n","protected":false},"excerpt":{"rendered":"<p>Despu\u00e9s de que un cami\u00f3n del transporte p\u00fablico fue incendiado en el municipio de Salamanca, Guanajuato,\u00a0dicho hecho ya es investigado por parte de las autoridades locales. El siniestro se registr\u00f3 el pasado martes 22 de julio sobre la carretera Salamanca-C\u00e1rdenas, donde los pasajeros narraron que sujetos armados interceptaron la unidad y los obligaron a descender, [&hellip;]<\/p>\n","protected":false},"author":4,"featured_media":65645,"comment_status":"open","ping_status":"open","sticky":false,"template":"","format":"standard","meta":{"om_disable_all_campaigns":false,"_monsterinsights_skip_tracking":false,"_monsterinsights_sitenote_active":false,"_monsterinsights_sitenote_note":"","_monsterinsights_sitenote_category":0,"footnotes":""},"categories":[176,226],"tags":[],"class_list":["post-65644","post","type-post","status-publish","format-standard","has-post-thumbnail","hentry","category-nacional","category-policia"],"amp_enabled":true,"_links":{"self":[{"href":"https:\/\/lahora.mx\/index.php\/wp-json\/wp\/v2\/posts\/65644","targetHints":{"allow":["GET"]}}],"collection":[{"href":"https:\/\/lahora.mx\/index.php\/wp-json\/wp\/v2\/posts"}],"about":[{"href":"https:\/\/lahora.mx\/index.php\/wp-json\/wp\/v2\/types\/post"}],"author":[{"embeddable":true,"href":"https:\/\/lahora.mx\/index.php\/wp-json\/wp\/v2\/users\/4"}],"replies":[{"embeddable":true,"href":"https:\/\/lahora.mx\/index.php\/wp-json\/wp\/v2\/comments?post=65644"}],"version-history":[{"count":1,"href":"https:\/\/lahora.mx\/index.php\/wp-json\/wp\/v2\/posts\/65644\/revisions"}],"predecessor-version":[{"id":65646,"href":"https:\/\/lahora.mx\/index.php\/wp-json\/wp\/v2\/posts\/65644\/revisions\/65646"}],"wp:featuredmedia":[{"embeddable":true,"href":"https:\/\/lahora.mx\/index.php\/wp-json\/wp\/v2\/media\/65645"}],"wp:attachment":[{"href":"https:\/\/lahora.mx\/index.php\/wp-json\/wp\/v2\/media?parent=65644"}],"wp:term":[{"taxonomy":"category","embeddable":true,"href":"https:\/\/lahora.mx\/index.php\/wp-json\/wp\/v2\/categories?post=65644"},{"taxonomy":"post_tag","embeddable":true,"href":"https:\/\/lahora.mx\/index.php\/wp-json\/wp\/v2\/tags?post=65644"}],"curies":[{"name":"wp","href":"https:\/\/api.w.org\/{rel}","templated":true}]}}