{"id":65626,"date":"2025-07-23T16:04:03","date_gmt":"2025-07-23T16:04:03","guid":{"rendered":"https:\/\/lahora.mx\/?p=65626"},"modified":"2025-07-23T16:04:03","modified_gmt":"2025-07-23T16:04:03","slug":"habra-cierres-desde-el-bulevar-carmen-serdan-al-5-de-mayo-por-marcha-de-la-28-de-octubre","status":"publish","type":"post","link":"https:\/\/lahora.mx\/index.php\/2025\/07\/23\/habra-cierres-desde-el-bulevar-carmen-serdan-al-5-de-mayo-por-marcha-de-la-28-de-octubre\/","title":{"rendered":"Habr\u00e1 cierres desde el bulevar Carmen Serd\u00e1n al 5 de Mayo por marcha de la 28 de Octubre"},"content":{"rendered":"\n<p>Este mi\u00e9rcoles a partir de las 08:00 horas la Uni\u00f3n Popular de Vendedores Ambulantes (UPVA) 28 de Octubre llevar\u00e1 a cabo una marcha que partir\u00e1 desde el Bulevar San Felipe y culminar\u00e1 en Casa Aguayo.<\/p>\n\n\n\n<p>El motivo de la marcha es exigir el cuidado del agua y el castigo para aquellos que han da\u00f1ado los mantos acu\u00edferos del l\u00edquido en la capital.<\/p>\n\n\n\n<p>La marcha partir\u00e1 desde el Bulevar Carmen Serd\u00e1n y Bulevar San Felipe, de ah\u00ed tomar\u00e1n sentido hacia la China Poblana y culminar\u00e1 en Casa Aguayo.<\/p>\n\n\n\n<p>En esta marcha esperan ser atendidos por el gobierno del estado a fin de presentarle sus denuncias.<\/p>\n\n\n\n<p>Con esta marcha se prev\u00e9 el cierre vial del bulevar 5 de Mayo, Carmen Serd\u00e1n y San Felipe, por lo que se recomienda tomar v\u00edas alternas.<\/p>\n\n\n\n<p>Asimismo, se prev\u00e9 que concluya a las 10:00 horas, por lo que se espera el caos vial se intensifique en las primeras horas de este mi\u00e9rcoles.<\/p>\n","protected":false},"excerpt":{"rendered":"<p>Este mi\u00e9rcoles a partir de las 08:00 horas la Uni\u00f3n Popular de Vendedores Ambulantes (UPVA) 28 de Octubre llevar\u00e1 a cabo una marcha que partir\u00e1 desde el Bulevar San Felipe y culminar\u00e1 en Casa Aguayo. El motivo de la marcha es exigir el cuidado del agua y el castigo para aquellos que han da\u00f1ado los [&hellip;]<\/p>\n","protected":false},"author":4,"featured_media":65627,"comment_status":"open","ping_status":"open","sticky":false,"template":"","format":"standard","meta":{"om_disable_all_campaigns":false,"_monsterinsights_skip_tracking":false,"_monsterinsights_sitenote_active":false,"_monsterinsights_sitenote_note":"","_monsterinsights_sitenote_category":0,"footnotes":""},"categories":[175],"tags":[195,223],"class_list":["post-65626","post","type-post","status-publish","format-standard","has-post-thumbnail","hentry","category-local","tag-principal","tag-puebla"],"amp_enabled":true,"_links":{"self":[{"href":"https:\/\/lahora.mx\/index.php\/wp-json\/wp\/v2\/posts\/65626","targetHints":{"allow":["GET"]}}],"collection":[{"href":"https:\/\/lahora.mx\/index.php\/wp-json\/wp\/v2\/posts"}],"about":[{"href":"https:\/\/lahora.mx\/index.php\/wp-json\/wp\/v2\/types\/post"}],"author":[{"embeddable":true,"href":"https:\/\/lahora.mx\/index.php\/wp-json\/wp\/v2\/users\/4"}],"replies":[{"embeddable":true,"href":"https:\/\/lahora.mx\/index.php\/wp-json\/wp\/v2\/comments?post=65626"}],"version-history":[{"count":1,"href":"https:\/\/lahora.mx\/index.php\/wp-json\/wp\/v2\/posts\/65626\/revisions"}],"predecessor-version":[{"id":65628,"href":"https:\/\/lahora.mx\/index.php\/wp-json\/wp\/v2\/posts\/65626\/revisions\/65628"}],"wp:featuredmedia":[{"embeddable":true,"href":"https:\/\/lahora.mx\/index.php\/wp-json\/wp\/v2\/media\/65627"}],"wp:attachment":[{"href":"https:\/\/lahora.mx\/index.php\/wp-json\/wp\/v2\/media?parent=65626"}],"wp:term":[{"taxonomy":"category","embeddable":true,"href":"https:\/\/lahora.mx\/index.php\/wp-json\/wp\/v2\/categories?post=65626"},{"taxonomy":"post_tag","embeddable":true,"href":"https:\/\/lahora.mx\/index.php\/wp-json\/wp\/v2\/tags?post=65626"}],"curies":[{"name":"wp","href":"https:\/\/api.w.org\/{rel}","templated":true}]}}