{"id":65619,"date":"2025-07-23T01:09:20","date_gmt":"2025-07-23T01:09:20","guid":{"rendered":"https:\/\/lahora.mx\/?p=65619"},"modified":"2025-07-23T01:21:31","modified_gmt":"2025-07-23T01:21:31","slug":"omar-munoz-dona-la-mitad-de-su-sueldo-a-apicultores-de-cuautlancingo","status":"publish","type":"post","link":"https:\/\/lahora.mx\/index.php\/2025\/07\/23\/omar-munoz-dona-la-mitad-de-su-sueldo-a-apicultores-de-cuautlancingo\/","title":{"rendered":"Omar Mu\u00f1oz dona la mitad de su sueldo a apicultores de Cuautlancingo\u00a0"},"content":{"rendered":"\n<p>Omar Mu\u00f1oz, Presidente Municipal de Cuautlancingo, cumpliendo con el compromiso hecho en campa\u00f1a de donar mensualmente la mitad de su sueldo para diferentes causas sociales y actividades, otorg\u00f3 apoyos a la organizaci\u00f3n de apicultores \u201cApicuautlan\u201d.&nbsp;<\/p>\n\n\n\n<p>La donaci\u00f3n fue de 90 mil pesos correspondiente a tres meses con lo que se adquirieron: un extractor radial de 18 bastidores, un ahumador de acero inoxidable de uso rudo, una colmena completa con dos alzas, 24 kg de alimento para abejas Nutra Ps, una tonelada de az\u00facar morena, cera y un velo cuadrado para protecci\u00f3n.&nbsp;<\/p>\n\n\n\n<p>Ante los beneficiarios, el edil sostuvo que la apicultura contribuye al cuidado y equilibrio del medio ambiente en muchos aspectos y por ello es de vital importancia apoyarla, \u201cla donaci\u00f3n de la mitad del sueldo tiene que ver con el sentido com\u00fan, con cumplir mi palabra y con el coraz\u00f3n de agradecimiento que tengo hacia las y los ciudadanos y es m\u00e1s que relevante porque en mi gobierno tratamos de seguir impulsando \u00e9sta actividad apoyando a una organizaci\u00f3n de apicultores que sigue presente en la comunidad\u201d.<\/p>\n\n\n\n<p>\u201cUstedes son especialistas en el producto que ofrecen y es parte de un conocimiento que se ha heredado de generaci\u00f3n en generaci\u00f3n; no cualquiera dedica su vida a la apicultura y por ello a trav\u00e9s de este apoyo yo quisiera honrar la labor que ustedes realizan. Desde mi gobierno y con un coraz\u00f3n de servicio siempre van a tener las puertas abiertas y nuestro apoyo\u201d, concluy\u00f3.<\/p>\n","protected":false},"excerpt":{"rendered":"<p>Omar Mu\u00f1oz, Presidente Municipal de Cuautlancingo, cumpliendo con el compromiso hecho en campa\u00f1a de donar mensualmente la mitad de su sueldo para diferentes causas sociales y actividades, otorg\u00f3 apoyos a la organizaci\u00f3n de apicultores \u201cApicuautlan\u201d.&nbsp; La donaci\u00f3n fue de 90 mil pesos correspondiente a tres meses con lo que se adquirieron: un extractor radial de [&hellip;]<\/p>\n","protected":false},"author":4,"featured_media":65620,"comment_status":"open","ping_status":"open","sticky":false,"template":"","format":"standard","meta":{"om_disable_all_campaigns":false,"_monsterinsights_skip_tracking":false,"_monsterinsights_sitenote_active":false,"_monsterinsights_sitenote_note":"","_monsterinsights_sitenote_category":0,"footnotes":""},"categories":[5],"tags":[223],"class_list":["post-65619","post","type-post","status-publish","format-standard","has-post-thumbnail","hentry","category-politica","tag-puebla"],"amp_enabled":true,"_links":{"self":[{"href":"https:\/\/lahora.mx\/index.php\/wp-json\/wp\/v2\/posts\/65619","targetHints":{"allow":["GET"]}}],"collection":[{"href":"https:\/\/lahora.mx\/index.php\/wp-json\/wp\/v2\/posts"}],"about":[{"href":"https:\/\/lahora.mx\/index.php\/wp-json\/wp\/v2\/types\/post"}],"author":[{"embeddable":true,"href":"https:\/\/lahora.mx\/index.php\/wp-json\/wp\/v2\/users\/4"}],"replies":[{"embeddable":true,"href":"https:\/\/lahora.mx\/index.php\/wp-json\/wp\/v2\/comments?post=65619"}],"version-history":[{"count":1,"href":"https:\/\/lahora.mx\/index.php\/wp-json\/wp\/v2\/posts\/65619\/revisions"}],"predecessor-version":[{"id":65621,"href":"https:\/\/lahora.mx\/index.php\/wp-json\/wp\/v2\/posts\/65619\/revisions\/65621"}],"wp:featuredmedia":[{"embeddable":true,"href":"https:\/\/lahora.mx\/index.php\/wp-json\/wp\/v2\/media\/65620"}],"wp:attachment":[{"href":"https:\/\/lahora.mx\/index.php\/wp-json\/wp\/v2\/media?parent=65619"}],"wp:term":[{"taxonomy":"category","embeddable":true,"href":"https:\/\/lahora.mx\/index.php\/wp-json\/wp\/v2\/categories?post=65619"},{"taxonomy":"post_tag","embeddable":true,"href":"https:\/\/lahora.mx\/index.php\/wp-json\/wp\/v2\/tags?post=65619"}],"curies":[{"name":"wp","href":"https:\/\/api.w.org\/{rel}","templated":true}]}}