{"id":65613,"date":"2025-07-23T00:45:16","date_gmt":"2025-07-23T00:45:16","guid":{"rendered":"https:\/\/lahora.mx\/?p=65613"},"modified":"2025-07-23T00:45:17","modified_gmt":"2025-07-23T00:45:17","slug":"desata-criticas-esquela-de-ozzy-osbourne-en-cuenta-de-camara-de-diputados-y-los-desaparecidos-cuestionan-usuarios","status":"publish","type":"post","link":"https:\/\/lahora.mx\/index.php\/2025\/07\/23\/desata-criticas-esquela-de-ozzy-osbourne-en-cuenta-de-camara-de-diputados-y-los-desaparecidos-cuestionan-usuarios\/","title":{"rendered":"Desata cr\u00edticas esquela de Ozzy Osbourne en cuenta de C\u00e1mara de Diputados; \u201c\u00bfy los desaparecidos?\u201d, cuestionan usuarios"},"content":{"rendered":"\n<p>La C\u00e1mara de Diputados lament\u00f3 \u00abprofundamente\u00bb el fallecimiento de Ozzy Osbourne, vocalista de Black Sabbath, quien muri\u00f3 a los 76 a\u00f1os este martes 22 de julio.<\/p>\n\n\n\n<p>En sus redes sociales oficiales, la cuenta de San L\u00e1zaro despidi\u00f3 al \u00abPr\u00edncipe de las Tinieblas\u00bb y reconoci\u00f3 su legado en el heavy metal.<\/p>\n\n\n\n<p>\u00abEl Presidente de la C\u00e1mara de Diputados lamenta profundamente el fallecimiento de John Michael Ozzy Osbourne, \u00edcono global del heavy metal y figura influyente en la cultura contempor\u00e1nea. Su legado ser\u00e1 inmortal\u00bb, escribi\u00f3 la c\u00e1mara baja.<br>Play Video<\/p>\n\n\n\n<p>Resalt\u00f3 que su legado como vocalista de Black Sabbath y pionero del heavy metal perdura como testimonio de una trayectoria que defini\u00f3 como \u00abinfluyente\u00bb y \u00abtrascendental\u00bb.<\/p>\n\n\n\n<p>Lee tambi\u00e9n Ozzy Osbourne: de morder la cabeza de un murci\u00e9lago a ser acusado de que su m\u00fasica causaba posesi\u00f3n demon\u00edaca e incitaba al suicidio<\/p>\n\n\n\n<p>C\u00e1mara de Diputados lamenta muerte de Ozzy Osbourne. Foto: Captura<br>C\u00e1mara de Diputados lamenta muerte de Ozzy Osbourne. Foto: Captura<br>Publicaci\u00f3n de la C\u00e1mara de Diputados por muerte de Ozzy Osbourne desata cr\u00edticas<br>Tras la publicaci\u00f3n oficial en las cuentas de San L\u00e1zaro, usuarios de \u00abX\u00bb externaron quejas contra Guti\u00e9rrez Luna por presuntamente usar la C\u00e1mara de Diputados para sus condolencias personales.<\/p>\n\n\n\n<p>\u00abEn verdad, Gutierritos, te queda enorme la chamba. Qu\u00e9 manera de demostrar tanta incapacidad\u00bb, poste\u00f3 un usuario.<\/p>\n\n\n\n<p>Otros comentarios apuntaban que si el presidente de la Mesa Directiva \u00abera fan\u00bb era respetable, pero exhortaban a que no hablara a nombre del Congreso.<\/p>\n\n\n\n<p>\u00abEstoy esperando la esquela para miles de personas desaparecidas de manera forzada y localizadas sin vida; una esquela para v\u00edctima de feminicidio, transfeminicidio; y una esquela para los ni\u00f1os que quedan entre las balas de la narcoguerra\u00bb, escribieron.<\/p>\n\n\n\n<p>Este martes 22 de julio se confirm\u00f3 el fallecimiento del \u201cPr\u00edncipe de las Tinieblas\u201d a los 76 a\u00f1os. Foto: AFP<br>Este martes 22 de julio se confirm\u00f3 el fallecimiento del \u201cPr\u00edncipe de las Tinieblas\u201d a los 76 a\u00f1os. Foto: AFP<br>\u00abAunque ya no est\u00e9, nunca morir\u00e1\u00bb: Guti\u00e9rrez Luna despide a Ozzy Osbourne<\/p>\n\n\n\n<p>El presidente de la Mesa Directiva de la C\u00e1mara de Diputados, Sergio Guti\u00e9rrez Luna, tambi\u00e9n lament\u00f3 en sus cuentas personales la muerte de Osbourne.<\/p>\n\n\n\n<p>Acompa\u00f1ado de una fotograf\u00eda suya con el m\u00fasico, que data del 5 de mayo de 2018, record\u00f3 cuando el cantante dio un espect\u00e1culo en el Foro Sol de la Ciudad de M\u00e9xico.<\/p>\n\n\n\n<p>\u00abEsta foto es el tesoro metalero m\u00e1s valioso que tengo. Aunque ya no est\u00e9, nunca morir\u00e1\u00bb, asever\u00f3 el legislador morenista.<\/p>\n","protected":false},"excerpt":{"rendered":"<p>La C\u00e1mara de Diputados lament\u00f3 \u00abprofundamente\u00bb el fallecimiento de Ozzy Osbourne, vocalista de Black Sabbath, quien muri\u00f3 a los 76 a\u00f1os este martes 22 de julio. En sus redes sociales oficiales, la cuenta de San L\u00e1zaro despidi\u00f3 al \u00abPr\u00edncipe de las Tinieblas\u00bb y reconoci\u00f3 su legado en el heavy metal. \u00abEl Presidente de la C\u00e1mara [&hellip;]<\/p>\n","protected":false},"author":4,"featured_media":65614,"comment_status":"open","ping_status":"open","sticky":false,"template":"","format":"standard","meta":{"om_disable_all_campaigns":false,"_monsterinsights_skip_tracking":false,"_monsterinsights_sitenote_active":false,"_monsterinsights_sitenote_note":"","_monsterinsights_sitenote_category":0,"footnotes":""},"categories":[175,5],"tags":[],"class_list":["post-65613","post","type-post","status-publish","format-standard","has-post-thumbnail","hentry","category-local","category-politica"],"amp_enabled":true,"_links":{"self":[{"href":"https:\/\/lahora.mx\/index.php\/wp-json\/wp\/v2\/posts\/65613","targetHints":{"allow":["GET"]}}],"collection":[{"href":"https:\/\/lahora.mx\/index.php\/wp-json\/wp\/v2\/posts"}],"about":[{"href":"https:\/\/lahora.mx\/index.php\/wp-json\/wp\/v2\/types\/post"}],"author":[{"embeddable":true,"href":"https:\/\/lahora.mx\/index.php\/wp-json\/wp\/v2\/users\/4"}],"replies":[{"embeddable":true,"href":"https:\/\/lahora.mx\/index.php\/wp-json\/wp\/v2\/comments?post=65613"}],"version-history":[{"count":1,"href":"https:\/\/lahora.mx\/index.php\/wp-json\/wp\/v2\/posts\/65613\/revisions"}],"predecessor-version":[{"id":65615,"href":"https:\/\/lahora.mx\/index.php\/wp-json\/wp\/v2\/posts\/65613\/revisions\/65615"}],"wp:featuredmedia":[{"embeddable":true,"href":"https:\/\/lahora.mx\/index.php\/wp-json\/wp\/v2\/media\/65614"}],"wp:attachment":[{"href":"https:\/\/lahora.mx\/index.php\/wp-json\/wp\/v2\/media?parent=65613"}],"wp:term":[{"taxonomy":"category","embeddable":true,"href":"https:\/\/lahora.mx\/index.php\/wp-json\/wp\/v2\/categories?post=65613"},{"taxonomy":"post_tag","embeddable":true,"href":"https:\/\/lahora.mx\/index.php\/wp-json\/wp\/v2\/tags?post=65613"}],"curies":[{"name":"wp","href":"https:\/\/api.w.org\/{rel}","templated":true}]}}