{"id":6561,"date":"2022-05-06T12:12:56","date_gmt":"2022-05-06T12:12:56","guid":{"rendered":"http:\/\/lahora.mx\/?p=6561"},"modified":"2022-05-06T12:12:57","modified_gmt":"2022-05-06T12:12:57","slug":"las-10-carreras-profesionales-con-mayor-informalidad-laboral","status":"publish","type":"post","link":"https:\/\/lahora.mx\/index.php\/2022\/05\/06\/las-10-carreras-profesionales-con-mayor-informalidad-laboral\/","title":{"rendered":"Las 10 carreras profesionales con mayor informalidad laboral"},"content":{"rendered":"\n<p>En el estado de\u00a0<strong>Puebla\u00a0<\/strong>existen<strong>\u00a010 carreras universitarias\u00a0<\/strong>con<strong>\u00a0mayor porcentaje de profesionistas en la informalidad laboral ,<\/strong>\u00a0es decir, que\u00a0<strong>no reciben ning\u00fan tipo de prestaci\u00f3n\u00a0<\/strong>como<strong>\u00a0seguridad social, derecho a vivienda, vacaciones<\/strong>\u00a0o\u00a0<strong>aguinaldo<\/strong>.<\/p>\n\n\n\n<p>A trav\u00e9s de la plataforma comparacarreras.org del Instituto Mexicano por la Competitividad (<strong>IMCO<\/strong>), se dio a conocer que la de&nbsp;<strong>M\u00fasica y Artes esc\u00e9nicas&nbsp;<\/strong>son la que tienen m\u00e1s informales con un&nbsp;<strong>42.7 por ciento<\/strong>.<\/p>\n\n\n\n<p>Le sigue<strong>\u00a0Dise\u00f1o textil o de interiores<\/strong>\u00a0con un<strong>\u00a041.1 por ciento<\/strong>;\u00a0<strong>Producci\u00f3n agr\u00edcola y ganadera<\/strong>, con\u00a0<strong>40.0 por ciento<\/strong>;<strong>\u00a0Criminolog\u00eda<\/strong>, con un<strong>\u00a039.6 por ciento<\/strong>, y\u00a0<strong>Rehabilitaci\u00f3n f\u00edsica<\/strong>, con\u00a0<strong>39.0 por ciento.<\/strong><\/p>\n\n\n\n<p><strong>Lenguas extranjeras&nbsp;<\/strong>con&nbsp;<strong>35.05 por ciento<\/strong>;&nbsp;<strong>Orientaci\u00f3n educativa<\/strong>, con&nbsp;<strong>34.5 por ciento<\/strong>;&nbsp;<strong>Sociolog\u00eda y antropolog\u00eda<\/strong>, con<strong>&nbsp;34.3 por ciento<\/strong>;<strong>&nbsp;Dise\u00f1o gr\u00e1fico<\/strong>, con<strong>&nbsp;33.1 por ciento<\/strong>, y&nbsp;<strong>Veterinaria<\/strong>, con&nbsp;<strong>33 por ciento.<\/strong><\/p>\n\n\n\n<p>De acuerdo con el instituto,\u00a0<strong>por cada 10 profesionistas informales<\/strong>\u00a0en esas carreras de Puebla<strong>, 8 son mujeres y dos hombres<\/strong>, los cuales regularmente\u00a0<strong>superan los 30 a\u00f1os de edad<\/strong>.<br><\/p>\n\n\n\n<p>En la plataforma se da a conocer que las personas que estudian esas carreras toman una&nbsp;<strong>v\u00eda informal debido a la falta de oportunidades&nbsp;<\/strong>en el estado o a las pocas empresas dedicadas a la actividad.<\/p>\n\n\n\n<p>Para llevar a cabo este ranking, el&nbsp;<strong>IMCO&nbsp;<\/strong>analiza los datos referentes a&nbsp;<strong>55 grupos de licenciatura y 19 carreras t\u00e9cnicas<\/strong>, donde se hacen p\u00fablicos diversos indicadores como el antes mencionado.<\/p>\n","protected":false},"excerpt":{"rendered":"<p>En el estado de\u00a0Puebla\u00a0existen\u00a010 carreras universitarias\u00a0con\u00a0mayor porcentaje de profesionistas en la informalidad laboral ,\u00a0es decir, que\u00a0no reciben ning\u00fan tipo de prestaci\u00f3n\u00a0como\u00a0seguridad social, derecho a vivienda, vacaciones\u00a0o\u00a0aguinaldo. A trav\u00e9s de la plataforma comparacarreras.org del Instituto Mexicano por la Competitividad (IMCO), se dio a conocer que la de&nbsp;M\u00fasica y Artes esc\u00e9nicas&nbsp;son la que tienen m\u00e1s informales con [&hellip;]<\/p>\n","protected":false},"author":4,"featured_media":6562,"comment_status":"open","ping_status":"open","sticky":false,"template":"","format":"standard","meta":{"om_disable_all_campaigns":false,"_monsterinsights_skip_tracking":false,"_monsterinsights_sitenote_active":false,"_monsterinsights_sitenote_note":"","_monsterinsights_sitenote_category":0,"footnotes":""},"categories":[3],"tags":[223],"class_list":["post-6561","post","type-post","status-publish","format-standard","has-post-thumbnail","hentry","category-entretenimiento","tag-puebla"],"amp_enabled":true,"_links":{"self":[{"href":"https:\/\/lahora.mx\/index.php\/wp-json\/wp\/v2\/posts\/6561","targetHints":{"allow":["GET"]}}],"collection":[{"href":"https:\/\/lahora.mx\/index.php\/wp-json\/wp\/v2\/posts"}],"about":[{"href":"https:\/\/lahora.mx\/index.php\/wp-json\/wp\/v2\/types\/post"}],"author":[{"embeddable":true,"href":"https:\/\/lahora.mx\/index.php\/wp-json\/wp\/v2\/users\/4"}],"replies":[{"embeddable":true,"href":"https:\/\/lahora.mx\/index.php\/wp-json\/wp\/v2\/comments?post=6561"}],"version-history":[{"count":1,"href":"https:\/\/lahora.mx\/index.php\/wp-json\/wp\/v2\/posts\/6561\/revisions"}],"predecessor-version":[{"id":6563,"href":"https:\/\/lahora.mx\/index.php\/wp-json\/wp\/v2\/posts\/6561\/revisions\/6563"}],"wp:featuredmedia":[{"embeddable":true,"href":"https:\/\/lahora.mx\/index.php\/wp-json\/wp\/v2\/media\/6562"}],"wp:attachment":[{"href":"https:\/\/lahora.mx\/index.php\/wp-json\/wp\/v2\/media?parent=6561"}],"wp:term":[{"taxonomy":"category","embeddable":true,"href":"https:\/\/lahora.mx\/index.php\/wp-json\/wp\/v2\/categories?post=6561"},{"taxonomy":"post_tag","embeddable":true,"href":"https:\/\/lahora.mx\/index.php\/wp-json\/wp\/v2\/tags?post=6561"}],"curies":[{"name":"wp","href":"https:\/\/api.w.org\/{rel}","templated":true}]}}