{"id":65603,"date":"2025-07-23T00:18:42","date_gmt":"2025-07-23T00:18:42","guid":{"rendered":"https:\/\/lahora.mx\/?p=65603"},"modified":"2025-07-23T00:20:08","modified_gmt":"2025-07-23T00:20:08","slug":"propone-el-gobernador-alejandro-armenta-retener-recursos-de-municipios-incumplidos-e-invertirlos-en-obras","status":"publish","type":"post","link":"https:\/\/lahora.mx\/index.php\/2025\/07\/23\/propone-el-gobernador-alejandro-armenta-retener-recursos-de-municipios-incumplidos-e-invertirlos-en-obras\/","title":{"rendered":"Propone el gobernador Alejandro Armenta retener recursos de municipios incumplidos e invertirlos en obras"},"content":{"rendered":"\n<p>Por la lentitud e inacci\u00f3n de algunos ayuntamientos, Alejandro Armenta Mier, gobernador de Puebla, sugiri\u00f3 a las y los alcaldes la firma de una \u00abcarta mandato\u00bb, a trav\u00e9s de la cual se autoriza al gobierno estatal retener los recursos de los municipios y asignarlos a obra p\u00fablica en las distintas regiones.<\/p>\n\n\n\n<p>En conferencia de prensa, el mandatario explic\u00f3 que con los 16 m\u00f3dulos de maquinaria que se instalaron, podr\u00eda agilizarse la rehabilitaci\u00f3n de carreteras y tambi\u00e9n los accesos y salidas a la entidad que hoy lucen abandonados.<\/p>\n\n\n\n<p>Aunque como meta sexenal, coment\u00f3 que tiene pensado transformar carreteras federales como la de Atlixco, Tlaxcala y a la Ciudad de M\u00e9xico, ampli\u00e1ndolas a dos carriles para que sean bulevares.<\/p>\n\n\n\n<p>En cuanto a las acciones al interior del estado, el morenista recalc\u00f3 que los municipios son responsables de invertir en pavimentaci\u00f3n y bacheo de sus calles, as\u00ed como en alumbrado p\u00fablico y mejoramiento de espacios comunes.<\/p>\n\n\n\n<p>Por esa raz\u00f3n, coment\u00f3 que si las y los ediles no quieren ejercer sus funciones, el Estado puede ayudarlos, pero tendr\u00edan que firmar un convenio con el que le autorizan administrar los recursos que les tocan para orientarlos a infraestructura en sus municipios.<\/p>\n\n\n\n<p>\u00abSi alg\u00fan municipio no quiere hacer sus funciones y quiere que nosotros los hagamos, con mucho gusto las hacemos. Firman el convenio, retenemos sus recursos y los orientamos a los baches y a la pavimentaci\u00f3n de calles que es su obligaci\u00f3n, s\u00ed lo podemos hacer con mucho gusto\u00bb, recalc\u00f3.<\/p>\n\n\n\n<p>De esta manera, Alejandro Armenta reiter\u00f3 que las autoridades municipales \u00abdeben entender que cada gobierno tiene responsabilidades\u00bb, y en este sentido, est\u00e1n obligados a ejercer los recursos que les asigna tanto el gobierno federal como estatal.<\/p>\n\n\n\n<p>Sobre este punto, la secretaria de Planeaci\u00f3n y Finanzas estatal, Josefina Morales Guerrero, explic\u00f3 que dicha figura de \u00abcarta mandato\u00bb est\u00e1 considera por la ley, y consiste en la retenci\u00f3n de las ministraciones a los municipios para que se puedan dirigir a obras y acciones espec\u00edficas.<\/p>\n\n\n\n<p>\u00abHay manera de poderlos ayudar, quien tenga la intenci\u00f3n o la necesidad con gusto en la Secretar\u00eda los guiamos y asesoramos para poder atender estas solicitudes\u00bb, manifest\u00f3.<\/p>\n","protected":false},"excerpt":{"rendered":"<p>Por la lentitud e inacci\u00f3n de algunos ayuntamientos, Alejandro Armenta Mier, gobernador de Puebla, sugiri\u00f3 a las y los alcaldes la firma de una \u00abcarta mandato\u00bb, a trav\u00e9s de la cual se autoriza al gobierno estatal retener los recursos de los municipios y asignarlos a obra p\u00fablica en las distintas regiones. En conferencia de prensa, [&hellip;]<\/p>\n","protected":false},"author":4,"featured_media":65606,"comment_status":"open","ping_status":"open","sticky":false,"template":"","format":"standard","meta":{"om_disable_all_campaigns":false,"_monsterinsights_skip_tracking":false,"_monsterinsights_sitenote_active":false,"_monsterinsights_sitenote_note":"","_monsterinsights_sitenote_category":0,"footnotes":""},"categories":[175],"tags":[239,195,223],"class_list":["post-65603","post","type-post","status-publish","format-standard","has-post-thumbnail","hentry","category-local","tag-gobierno","tag-principal","tag-puebla"],"amp_enabled":true,"_links":{"self":[{"href":"https:\/\/lahora.mx\/index.php\/wp-json\/wp\/v2\/posts\/65603","targetHints":{"allow":["GET"]}}],"collection":[{"href":"https:\/\/lahora.mx\/index.php\/wp-json\/wp\/v2\/posts"}],"about":[{"href":"https:\/\/lahora.mx\/index.php\/wp-json\/wp\/v2\/types\/post"}],"author":[{"embeddable":true,"href":"https:\/\/lahora.mx\/index.php\/wp-json\/wp\/v2\/users\/4"}],"replies":[{"embeddable":true,"href":"https:\/\/lahora.mx\/index.php\/wp-json\/wp\/v2\/comments?post=65603"}],"version-history":[{"count":1,"href":"https:\/\/lahora.mx\/index.php\/wp-json\/wp\/v2\/posts\/65603\/revisions"}],"predecessor-version":[{"id":65605,"href":"https:\/\/lahora.mx\/index.php\/wp-json\/wp\/v2\/posts\/65603\/revisions\/65605"}],"wp:featuredmedia":[{"embeddable":true,"href":"https:\/\/lahora.mx\/index.php\/wp-json\/wp\/v2\/media\/65606"}],"wp:attachment":[{"href":"https:\/\/lahora.mx\/index.php\/wp-json\/wp\/v2\/media?parent=65603"}],"wp:term":[{"taxonomy":"category","embeddable":true,"href":"https:\/\/lahora.mx\/index.php\/wp-json\/wp\/v2\/categories?post=65603"},{"taxonomy":"post_tag","embeddable":true,"href":"https:\/\/lahora.mx\/index.php\/wp-json\/wp\/v2\/tags?post=65603"}],"curies":[{"name":"wp","href":"https:\/\/api.w.org\/{rel}","templated":true}]}}