{"id":65600,"date":"2025-07-23T00:12:32","date_gmt":"2025-07-23T00:12:32","guid":{"rendered":"https:\/\/lahora.mx\/?p=65600"},"modified":"2025-07-23T00:12:33","modified_gmt":"2025-07-23T00:12:33","slug":"piden-habitantes-de-la-covadonga-reparacion-de-danos-tras-demolicion-de-viviendas","status":"publish","type":"post","link":"https:\/\/lahora.mx\/index.php\/2025\/07\/23\/piden-habitantes-de-la-covadonga-reparacion-de-danos-tras-demolicion-de-viviendas\/","title":{"rendered":"Piden habitantes de La Covadonga reparaci\u00f3n de da\u00f1os tras demolici\u00f3n de viviendas"},"content":{"rendered":"\n<p>Una comisi\u00f3n de habitantes de la colonia La Covadonga se reuni\u00f3 este martes 22 de julio con autoridades del Ayuntamiento de Puebla, luego de realizar una caravana desde la zona donde fueron demolidas sus viviendas hasta el z\u00f3calo de la capital. El grupo se manifest\u00f3 frente al Palacio Municipal para exigir una soluci\u00f3n tras el operativo en el que fueron retiradas varias construcciones.<\/p>\n\n\n\n<p>Los colonos sostienen que compraron los terrenos de forma legal y que cuentan con escrituras emitidas por notarios del estado de Tlaxcala. Durante la manifestaci\u00f3n, bloquearon por unos minutos la avenida Reforma y posteriormente se instalaron en el z\u00f3calo, una vez que una comisi\u00f3n de siete personas fue recibida por funcionarios municipales.<\/p>\n\n\n\n<p>De acuerdo con los testimonios de los manifestantes, los terrenos les fueron vendidos por personas \u201cque no conocen\u201d, por un monto aproximado de 250 mil pesos. Aseguran tener documentos que acreditan la compra-venta y niegan haber invadido los predios. En su opini\u00f3n, el Ayuntamiento de Puebla no debi\u00f3 intervenir con demoliciones.<br>Ayuntamiento libera ocho hect\u00e1reas invadidas en la zona de Covadonga<br>El operativo provoc\u00f3 la molestia de los habitantes de estos predios, quienes se manifestaron en inmediaciones de Palacio Municipal<br>Tambi\u00e9n expresaron que se est\u00e1n organizando para interponer una demanda colectiva, bajo el argumento de que realizaron la compra de buena fe y desconoc\u00edan posibles irregularidades. Insisten en que los terrenos se encuentran en territorio tlaxcalteca y piden una respuesta oficial sobre la situaci\u00f3n legal de sus propiedades.<\/p>\n\n\n\n<p>A la salida de la reuni\u00f3n con autoridades municipales, los integrantes de la comitiva informaron que no se lleg\u00f3 a un acuerdo, ya que el operativo se ejecut\u00f3 en cumplimiento de una resoluci\u00f3n emitida por el Poder Judicial, lo cual limita la intervenci\u00f3n del gobierno municipal. Sin embargo, durante el encuentro, los vecinos aprovecharon para exigir la reparaci\u00f3n de los da\u00f1os a sus viviendas. Pero desconocen si esto se concretar\u00e1.<\/p>\n\n\n\n<p>Los hechos que originaron la protesta ocurrieron la madrugada del s\u00e1bado 19 de julio, cuando autoridades de distintos niveles de gobierno llevaron a cabo un operativo en un predio ubicado a un costado de la antigua carretera Puebla\u2013Tlaxcala. Se demolieron construcciones presuntamente irregulares asentadas en ocho de las 22 hect\u00e1reas que forman parte de un terreno en disputa.<br>Regidor de Puebla alista denuncias por fallas en obras viales del pasado trienio panista<br>Leobardo Rodr\u00edguez anunci\u00f3 una revisi\u00f3n al programa de las mil calles y exigi\u00f3 informes sobre contratos y mantenimiento<br>Seg\u00fan informaci\u00f3n del Ayuntamiento de Puebla, la intervenci\u00f3n fue realizada tras una resoluci\u00f3n judicial que respondi\u00f3 a denuncias por invasi\u00f3n y venta ilegal de terrenos. Las autoridades se\u00f1alaron que una agrupaci\u00f3n identificada como \u201cLos Inmaculados\u201d habr\u00eda comercializado los predios sin contar con la propiedad legal de los mismos.<\/p>\n\n\n\n<p>Actualmente, las ocho hect\u00e1reas recuperadas permanecen bajo resguardo de autoridades estatales y municipales para evitar nuevos asentamientos, mientras que los colonos afectados insisten en que sus casas fueron construidas sobre terrenos adquiridos mediante procedimientos que consideran legales.<\/p>\n","protected":false},"excerpt":{"rendered":"<p>Una comisi\u00f3n de habitantes de la colonia La Covadonga se reuni\u00f3 este martes 22 de julio con autoridades del Ayuntamiento de Puebla, luego de realizar una caravana desde la zona donde fueron demolidas sus viviendas hasta el z\u00f3calo de la capital. El grupo se manifest\u00f3 frente al Palacio Municipal para exigir una soluci\u00f3n tras el [&hellip;]<\/p>\n","protected":false},"author":4,"featured_media":65601,"comment_status":"open","ping_status":"open","sticky":false,"template":"","format":"standard","meta":{"om_disable_all_campaigns":false,"_monsterinsights_skip_tracking":false,"_monsterinsights_sitenote_active":false,"_monsterinsights_sitenote_note":"","_monsterinsights_sitenote_category":0,"footnotes":""},"categories":[175],"tags":[223],"class_list":["post-65600","post","type-post","status-publish","format-standard","has-post-thumbnail","hentry","category-local","tag-puebla"],"amp_enabled":true,"_links":{"self":[{"href":"https:\/\/lahora.mx\/index.php\/wp-json\/wp\/v2\/posts\/65600","targetHints":{"allow":["GET"]}}],"collection":[{"href":"https:\/\/lahora.mx\/index.php\/wp-json\/wp\/v2\/posts"}],"about":[{"href":"https:\/\/lahora.mx\/index.php\/wp-json\/wp\/v2\/types\/post"}],"author":[{"embeddable":true,"href":"https:\/\/lahora.mx\/index.php\/wp-json\/wp\/v2\/users\/4"}],"replies":[{"embeddable":true,"href":"https:\/\/lahora.mx\/index.php\/wp-json\/wp\/v2\/comments?post=65600"}],"version-history":[{"count":1,"href":"https:\/\/lahora.mx\/index.php\/wp-json\/wp\/v2\/posts\/65600\/revisions"}],"predecessor-version":[{"id":65602,"href":"https:\/\/lahora.mx\/index.php\/wp-json\/wp\/v2\/posts\/65600\/revisions\/65602"}],"wp:featuredmedia":[{"embeddable":true,"href":"https:\/\/lahora.mx\/index.php\/wp-json\/wp\/v2\/media\/65601"}],"wp:attachment":[{"href":"https:\/\/lahora.mx\/index.php\/wp-json\/wp\/v2\/media?parent=65600"}],"wp:term":[{"taxonomy":"category","embeddable":true,"href":"https:\/\/lahora.mx\/index.php\/wp-json\/wp\/v2\/categories?post=65600"},{"taxonomy":"post_tag","embeddable":true,"href":"https:\/\/lahora.mx\/index.php\/wp-json\/wp\/v2\/tags?post=65600"}],"curies":[{"name":"wp","href":"https:\/\/api.w.org\/{rel}","templated":true}]}}