{"id":65587,"date":"2025-07-22T19:38:56","date_gmt":"2025-07-22T19:38:56","guid":{"rendered":"https:\/\/lahora.mx\/?p=65587"},"modified":"2025-07-22T19:38:56","modified_gmt":"2025-07-22T19:38:56","slug":"implementan-en-la-autopista-mexico-puebla-el-plan-cero-robos-con-despligue-terrestre-y-aereo","status":"publish","type":"post","link":"https:\/\/lahora.mx\/index.php\/2025\/07\/22\/implementan-en-la-autopista-mexico-puebla-el-plan-cero-robos-con-despligue-terrestre-y-aereo\/","title":{"rendered":"Implementan en la autopista M\u00e9xico-Puebla el plan \u2018Cero Robos\u2019 con despligue terrestre y a\u00e9reo"},"content":{"rendered":"\n<p>Desde el pasado 9 de julio comenz\u00f3 a implementarse el plan \u2018Cero Robos\u2019, en distintas vialidades de M\u00e9xico con altos \u00edndices delictivos como es el caso de la autopista M\u00e9xico-Puebla, esto con el objetivo de disminuir la comisi\u00f3n de diversos delitos, as\u00ed lo dio a conocer Hern\u00e1n Cort\u00e9s Hern\u00e1ndez, comandante de la Guardia Nacional, durante la rueda de prensa matutina de la presidenta Claudia Sheinbaum.<\/p>\n\n\n\n<p>En lo que respecta al tramo carretero que conecta a la ciudad de Puebla con la capital del pa\u00eds, dicha corporaci\u00f3n ha desplegado 302 elementos y 131 veh\u00edculos, adem\u00e1s de que el funcionario desta\u00e7\u00f3 que tambi\u00e9n se cuenta con apoyo a\u00e9reo conformado por 3 helic\u00f3pteros, 2 aeronaves no tripuladas y 22 drones.<\/p>\n\n\n\n<p>En la misma vialidad se instalaron 10 torres para la detecci\u00f3n de veh\u00edculos con reporte de robo, as\u00ed como 5 c\u00e9lulas de inteligencia para la identificaci\u00f3n y ubicaci\u00f3n de integrantes de organizaciones delictivas, lo anterior como parte de una estrategia de reforzamiento en la seguridad que fue ordenado por la mandataria en este y otros tramos carreteros del pa\u00eds.<br><br>Otras de las vialidades en las que se ha puesto en marcha este operativo es en las autopistas M\u00e9xico-Quer\u00e9taro y la Mazatl\u00e1n-Culiac\u00e1n, lugares donde han localizado varios puntos que requieren atenci\u00f3n para prevenir delitos.<br>Detecta SSP seis tramos utilizados por grupos criminales en la autopista M\u00e9xico-Puebla<br>Por su parte, la Secretar\u00eda de Seguridad P\u00fablica de Puebla detect\u00f3 seis tramos de la autopista M\u00e9xico-Puebla, entre R\u00edo Fr\u00edo y Esperanza, que son utilizados por grupos criminales para cometer robos, en estos puntos los delincuentes habr\u00edan abierto accesos ilegales para ingresar, atracar y salir r\u00e1pidamente sin ser detenidos.<\/p>\n\n\n\n<p>En este sentido, las autoridades locales anunciaron que bloquear\u00e1n dichos accesos con zanjas de hasta dos metros de profundidad; la medida, respaldada por la iniciativa privada, busca frenar los robos y mejorar la seguridad en la vialidad, especialmente en zonas como Huejotzingo, San Mart\u00edn Texmelucan y San Miguel Xoxtla.<\/p>\n\n\n\n<p>Tan s\u00f3lo en fechas recientes, se han reportado en la autopista M\u00e9xico-Puebla varios hechos criminales, como el pasado 25 de junio cuando un tr\u00e1iler fue robado y vaciado; pudieron recuperarlo en kil\u00f3metro 87 a la altura de San Rafael Tlanalapan en el municipio de San Mart\u00edn Texmelucan.<br>Trailero esquiva patrulla falsa en la Puebla-Orizaba; se libra de asalto<br>Una unidad de color roja escoltaba a la patrulla fake, la cual pretend\u00eda cerrarle el paso<br>Finalmente, otro incidente ocurri\u00f3 el 6 de junio del 2025, cuando personal de la Guardia Nacional asegur\u00f3 un cami\u00f3n torton que hab\u00eda sido robado minutos antes sobre esa misma autopista; esa unidad avanzaba en sentido contrario sobre Huejotzingo y m\u00e1s tarde se descubri\u00f3 que se la hab\u00edan llevado con violencia.<\/p>\n","protected":false},"excerpt":{"rendered":"<p>Desde el pasado 9 de julio comenz\u00f3 a implementarse el plan \u2018Cero Robos\u2019, en distintas vialidades de M\u00e9xico con altos \u00edndices delictivos como es el caso de la autopista M\u00e9xico-Puebla, esto con el objetivo de disminuir la comisi\u00f3n de diversos delitos, as\u00ed lo dio a conocer Hern\u00e1n Cort\u00e9s Hern\u00e1ndez, comandante de la Guardia Nacional, durante [&hellip;]<\/p>\n","protected":false},"author":4,"featured_media":65588,"comment_status":"open","ping_status":"open","sticky":false,"template":"","format":"standard","meta":{"om_disable_all_campaigns":false,"_monsterinsights_skip_tracking":false,"_monsterinsights_sitenote_active":false,"_monsterinsights_sitenote_note":"","_monsterinsights_sitenote_category":0,"footnotes":""},"categories":[175],"tags":[239,195,223],"class_list":["post-65587","post","type-post","status-publish","format-standard","has-post-thumbnail","hentry","category-local","tag-gobierno","tag-principal","tag-puebla"],"amp_enabled":true,"_links":{"self":[{"href":"https:\/\/lahora.mx\/index.php\/wp-json\/wp\/v2\/posts\/65587","targetHints":{"allow":["GET"]}}],"collection":[{"href":"https:\/\/lahora.mx\/index.php\/wp-json\/wp\/v2\/posts"}],"about":[{"href":"https:\/\/lahora.mx\/index.php\/wp-json\/wp\/v2\/types\/post"}],"author":[{"embeddable":true,"href":"https:\/\/lahora.mx\/index.php\/wp-json\/wp\/v2\/users\/4"}],"replies":[{"embeddable":true,"href":"https:\/\/lahora.mx\/index.php\/wp-json\/wp\/v2\/comments?post=65587"}],"version-history":[{"count":1,"href":"https:\/\/lahora.mx\/index.php\/wp-json\/wp\/v2\/posts\/65587\/revisions"}],"predecessor-version":[{"id":65589,"href":"https:\/\/lahora.mx\/index.php\/wp-json\/wp\/v2\/posts\/65587\/revisions\/65589"}],"wp:featuredmedia":[{"embeddable":true,"href":"https:\/\/lahora.mx\/index.php\/wp-json\/wp\/v2\/media\/65588"}],"wp:attachment":[{"href":"https:\/\/lahora.mx\/index.php\/wp-json\/wp\/v2\/media?parent=65587"}],"wp:term":[{"taxonomy":"category","embeddable":true,"href":"https:\/\/lahora.mx\/index.php\/wp-json\/wp\/v2\/categories?post=65587"},{"taxonomy":"post_tag","embeddable":true,"href":"https:\/\/lahora.mx\/index.php\/wp-json\/wp\/v2\/tags?post=65587"}],"curies":[{"name":"wp","href":"https:\/\/api.w.org\/{rel}","templated":true}]}}