{"id":65581,"date":"2025-07-22T16:53:26","date_gmt":"2025-07-22T16:53:26","guid":{"rendered":"https:\/\/lahora.mx\/?p=65581"},"modified":"2025-07-22T16:53:26","modified_gmt":"2025-07-22T16:53:26","slug":"localizan-cadaver-con-signos-de-violencia-en-el-dren-de-valsequillo","status":"publish","type":"post","link":"https:\/\/lahora.mx\/index.php\/2025\/07\/22\/localizan-cadaver-con-signos-de-violencia-en-el-dren-de-valsequillo\/","title":{"rendered":"Localizan cad\u00e1ver con signos de violencia en el dren de Valsequillo"},"content":{"rendered":"\n<p>El cuerpo sin vida de un hombre fue hallado la noche de ayer lunes, en el interior del dren de Valsequillo, a la altura de la zona conocida como Ascote, en el municipio de Tehuac\u00e1n, Puebla.<\/p>\n\n\n\n<p>De acuerdo con reportes preliminares, el cad\u00e1ver estaba atado de pies y manos y presentaba al menos un impacto de arma de fuego.<\/p>\n\n\n\n<p>La v\u00edctima fue localizada en avanzado estado de descomposici\u00f3n y con m\u00faltiples lesiones que podr\u00edan haber sido causadas por el arrastre de la corriente, derivado de las fuertes lluvias recientes en la regi\u00f3n.<\/p>\n\n\n\n<p>Fuentes policiales indicaron que el occiso ten\u00eda amarradas las extremidades superiores y signos evidentes de violencia.<\/p>\n\n\n\n<p>Aunque se confirm\u00f3 un impacto de bala, hasta el momento no se ha determinado en qu\u00e9 parte del cuerpo fue recibido.<\/p>\n\n\n\n<p>Al lugar acudieron elementos de la Polic\u00eda Municipal y de la Marina, quienes acordonaron la zona y permanecieron en resguardo hasta la llegada de personal de la Fiscal\u00eda General del Estado (FGE).<\/p>\n\n\n\n<p>Tras concluir las diligencias, el Servicio M\u00e9dico Forense (Semefo) realiz\u00f3 el levantamiento del cad\u00e1ver y lo traslad\u00f3 al Anfiteatro Municipal de Tehuac\u00e1n, donde qued\u00f3 a disposici\u00f3n del m\u00e9dico legista.<\/p>\n\n\n\n<p>En caso de que nadie acuda por \u00e9l, ser\u00e1 enviado a la fosa com\u00fan conforme al protocolo legal. Autoridades informaron que, por el momento, las caracter\u00edsticas del occiso no coinciden con personas reportadas como desaparecidas en la zona.<\/p>\n","protected":false},"excerpt":{"rendered":"<p>El cuerpo sin vida de un hombre fue hallado la noche de ayer lunes, en el interior del dren de Valsequillo, a la altura de la zona conocida como Ascote, en el municipio de Tehuac\u00e1n, Puebla. De acuerdo con reportes preliminares, el cad\u00e1ver estaba atado de pies y manos y presentaba al menos un impacto [&hellip;]<\/p>\n","protected":false},"author":4,"featured_media":65582,"comment_status":"open","ping_status":"open","sticky":false,"template":"","format":"standard","meta":{"om_disable_all_campaigns":false,"_monsterinsights_skip_tracking":false,"_monsterinsights_sitenote_active":false,"_monsterinsights_sitenote_note":"","_monsterinsights_sitenote_category":0,"footnotes":""},"categories":[175,226],"tags":[223],"class_list":["post-65581","post","type-post","status-publish","format-standard","has-post-thumbnail","hentry","category-local","category-policia","tag-puebla"],"amp_enabled":true,"_links":{"self":[{"href":"https:\/\/lahora.mx\/index.php\/wp-json\/wp\/v2\/posts\/65581","targetHints":{"allow":["GET"]}}],"collection":[{"href":"https:\/\/lahora.mx\/index.php\/wp-json\/wp\/v2\/posts"}],"about":[{"href":"https:\/\/lahora.mx\/index.php\/wp-json\/wp\/v2\/types\/post"}],"author":[{"embeddable":true,"href":"https:\/\/lahora.mx\/index.php\/wp-json\/wp\/v2\/users\/4"}],"replies":[{"embeddable":true,"href":"https:\/\/lahora.mx\/index.php\/wp-json\/wp\/v2\/comments?post=65581"}],"version-history":[{"count":1,"href":"https:\/\/lahora.mx\/index.php\/wp-json\/wp\/v2\/posts\/65581\/revisions"}],"predecessor-version":[{"id":65583,"href":"https:\/\/lahora.mx\/index.php\/wp-json\/wp\/v2\/posts\/65581\/revisions\/65583"}],"wp:featuredmedia":[{"embeddable":true,"href":"https:\/\/lahora.mx\/index.php\/wp-json\/wp\/v2\/media\/65582"}],"wp:attachment":[{"href":"https:\/\/lahora.mx\/index.php\/wp-json\/wp\/v2\/media?parent=65581"}],"wp:term":[{"taxonomy":"category","embeddable":true,"href":"https:\/\/lahora.mx\/index.php\/wp-json\/wp\/v2\/categories?post=65581"},{"taxonomy":"post_tag","embeddable":true,"href":"https:\/\/lahora.mx\/index.php\/wp-json\/wp\/v2\/tags?post=65581"}],"curies":[{"name":"wp","href":"https:\/\/api.w.org\/{rel}","templated":true}]}}