{"id":6558,"date":"2022-05-06T01:53:44","date_gmt":"2022-05-06T01:53:44","guid":{"rendered":"http:\/\/lahora.mx\/?p=6558"},"modified":"2022-05-06T01:53:46","modified_gmt":"2022-05-06T01:53:46","slug":"se-activa-fase-1-de-contingencia-ambiental-de-nuevo-en-valle-de-mexico-estos-autos-no-circulan-el-viernes","status":"publish","type":"post","link":"https:\/\/lahora.mx\/index.php\/2022\/05\/06\/se-activa-fase-1-de-contingencia-ambiental-de-nuevo-en-valle-de-mexico-estos-autos-no-circulan-el-viernes\/","title":{"rendered":"Se activa fase 1 de contingencia ambiental de nuevo en Valle de M\u00e9xico; estos autos no circulan el viernes"},"content":{"rendered":"\n<p>En la Zona Metropolitana del Valle de M\u00e9xico&nbsp;<strong>se activ\u00f3 nuevamente la fase 1 de la contingencia ambiental por ozono<\/strong>, esto debido a las concentraciones m\u00e1ximas de part\u00edculas contaminantes. Por esta raz\u00f3n, hay nuevas indicaciones en el programa Hoy No Circula para veh\u00edculos.<\/p>\n\n\n\n<p>La Comisi\u00f3n Ambiental de la Megal\u00f3polis dijo en un comunicado que a pesar de que el mi\u00e9rcoles 4 de mayo las condiciones hab\u00edan mejorado debido a un incremento de la intensidad del viento en el Valle de M\u00e9xico, las condiciones del aire empeoraron\u00a0<strong>este jueves 5 de mayo<\/strong>, raz\u00f3n que ha activado la alerta ambiental.<br><\/p>\n\n\n\n<h2 class=\"wp-block-heading\">Estos son los veh\u00edculos que no circulan a partir de este viernes<\/h2>\n\n\n\n<ul class=\"wp-block-list\"><li>Veh\u00edculos de uso particular&nbsp;<strong>con holograma de verificaci\u00f3n 2<\/strong>.<\/li><li>Veh\u00edculos de uso particular&nbsp;<strong>con holograma de verificaci\u00f3n tipo 1<\/strong>,cuyo \u00faltimo d\u00edgito num\u00e9rico sea<strong>&nbsp;1, 3, 5, 7, 9 y 0&nbsp;<\/strong>as\u00ed como aquellos cuya matr\u00edcula est\u00e9 conformada s\u00f3lo por letras.<\/li><li><em>Los veh\u00edculos de uso particular con holograma de verificaci\u00f3n \u201c0 y 00\u2033,&nbsp;<\/em><em><strong>engomado<\/strong><\/em><em><strong>azul,<\/strong><\/em><em>&nbsp;terminaci\u00f3n de&nbsp;<\/em><em><strong>placa<\/strong><\/em><em><strong>9 y 0.<\/strong><\/em><\/li><li>Los&nbsp;<strong>veh\u00edculos de uso particular con matr\u00edcula for\u00e1nea<\/strong>&nbsp;que no porten holograma de verificaci\u00f3n vehicular, ser\u00e1n considerados como holograma Dos.<\/li><li><strong>Restricci\u00f3n a la circulaci\u00f3n del 50 por ciento de las unidades de reparto de gas LP<\/strong>&nbsp;a tanques estacionarios que no cuenten con v\u00e1lvula de desconexi\u00f3n seca, cuya terminaci\u00f3n de matr\u00edcula sea&nbsp;<strong>NON<\/strong>.<\/li><li>Los veh\u00edculos de carga local o federal&nbsp;<strong>dejan de circular entre las 6:00 y las 10:00 horas<\/strong>, con excepci\u00f3n de aquellos que se encuentren en el Programa de Autorregulaci\u00f3n de la Ciudad de M\u00e9xico o el Estado de M\u00e9xico.<\/li><li>Los&nbsp;<strong>taxis con holograma de verificaci\u00f3n \u201c1\u2033 o \u201c2\u2033<\/strong>&nbsp;que deban dejar de circular de acuerdo a las disposiciones indicadas en los primeros dos puntos, sino les aplicar\u00e1 la restricci\u00f3n a la circulaci\u00f3n de las 10:00 a las 22:00 horas.<\/li><\/ul>\n\n\n\n<h2 class=\"wp-block-heading\">\u00bfQu\u00e9 autom\u00f3viles s\u00ed circulan el viernes?<\/h2>\n\n\n\n<ul class=\"wp-block-list\"><li><strong>Veh\u00edculos el\u00e9ctricos e h\u00edbridos<\/strong>, adem\u00e1s, los que cuenten con matr\u00edcula ecol\u00f3gica u holograma tipo exento.<\/li><li><strong>Veh\u00edculos que porten holograma \u201c00\u2033 o \u201c0\u2033 cualquiera que sea su uso<\/strong>, con excepci\u00f3n de los veh\u00edculos con&nbsp;<em>engomado color&nbsp;<\/em><em><strong>azul<\/strong><\/em><em>, terminaci\u00f3n de placa&nbsp;<\/em><em><strong>9 y 0<\/strong><\/em>.<\/li><li><strong>Veh\u00edculos de uso particular destinados en circunstancias manifiestas y urgentes<\/strong>, para atender una emergencia m\u00e9dica (incluye veh\u00edculos con personas que asisten a la vacunaci\u00f3n por la COVID-19 y que porten folio de cita).<\/li><li><strong>Veh\u00edculos de uso particular de trabajadores y trabajadoras del sector salud<\/strong>&nbsp;en todas sus especialidades, param\u00e9dica y administrativa con credencial vigente.<\/li><li><strong>Los taxis pueden circular de 5:00 a las 10:00 horas<\/strong>&nbsp;los d\u00edas que tengan restricci\u00f3n por Programa Hoy No Circula, independientemente del holograma que porten, con la finalidad de apoyar la movilidad de la poblaci\u00f3n.<\/li><\/ul>\n","protected":false},"excerpt":{"rendered":"<p>En la Zona Metropolitana del Valle de M\u00e9xico&nbsp;se activ\u00f3 nuevamente la fase 1 de la contingencia ambiental por ozono, esto debido a las concentraciones m\u00e1ximas de part\u00edculas contaminantes. Por esta raz\u00f3n, hay nuevas indicaciones en el programa Hoy No Circula para veh\u00edculos. La Comisi\u00f3n Ambiental de la Megal\u00f3polis dijo en un comunicado que a pesar [&hellip;]<\/p>\n","protected":false},"author":4,"featured_media":6559,"comment_status":"open","ping_status":"open","sticky":false,"template":"","format":"standard","meta":{"om_disable_all_campaigns":false,"_monsterinsights_skip_tracking":false,"_monsterinsights_sitenote_active":false,"_monsterinsights_sitenote_note":"","_monsterinsights_sitenote_category":0,"footnotes":""},"categories":[176],"tags":[195,223],"class_list":["post-6558","post","type-post","status-publish","format-standard","has-post-thumbnail","hentry","category-nacional","tag-principal","tag-puebla"],"amp_enabled":true,"_links":{"self":[{"href":"https:\/\/lahora.mx\/index.php\/wp-json\/wp\/v2\/posts\/6558","targetHints":{"allow":["GET"]}}],"collection":[{"href":"https:\/\/lahora.mx\/index.php\/wp-json\/wp\/v2\/posts"}],"about":[{"href":"https:\/\/lahora.mx\/index.php\/wp-json\/wp\/v2\/types\/post"}],"author":[{"embeddable":true,"href":"https:\/\/lahora.mx\/index.php\/wp-json\/wp\/v2\/users\/4"}],"replies":[{"embeddable":true,"href":"https:\/\/lahora.mx\/index.php\/wp-json\/wp\/v2\/comments?post=6558"}],"version-history":[{"count":1,"href":"https:\/\/lahora.mx\/index.php\/wp-json\/wp\/v2\/posts\/6558\/revisions"}],"predecessor-version":[{"id":6560,"href":"https:\/\/lahora.mx\/index.php\/wp-json\/wp\/v2\/posts\/6558\/revisions\/6560"}],"wp:featuredmedia":[{"embeddable":true,"href":"https:\/\/lahora.mx\/index.php\/wp-json\/wp\/v2\/media\/6559"}],"wp:attachment":[{"href":"https:\/\/lahora.mx\/index.php\/wp-json\/wp\/v2\/media?parent=6558"}],"wp:term":[{"taxonomy":"category","embeddable":true,"href":"https:\/\/lahora.mx\/index.php\/wp-json\/wp\/v2\/categories?post=6558"},{"taxonomy":"post_tag","embeddable":true,"href":"https:\/\/lahora.mx\/index.php\/wp-json\/wp\/v2\/tags?post=6558"}],"curies":[{"name":"wp","href":"https:\/\/api.w.org\/{rel}","templated":true}]}}