{"id":65537,"date":"2025-07-22T01:09:43","date_gmt":"2025-07-22T01:09:43","guid":{"rendered":"https:\/\/lahora.mx\/?p=65537"},"modified":"2025-07-22T01:09:44","modified_gmt":"2025-07-22T01:09:44","slug":"reordenamiento-comercial-del-centro-historico-sera-permanente-chedraui","status":"publish","type":"post","link":"https:\/\/lahora.mx\/index.php\/2025\/07\/22\/reordenamiento-comercial-del-centro-historico-sera-permanente-chedraui\/","title":{"rendered":"Reordenamiento comercial del Centro Hist\u00f3rico ser\u00e1 permanente: Chedraui"},"content":{"rendered":"\n<p>El reordenamiento comercial no tiene vuelta de hoja para mantener el t\u00edtulo de Patrimonio Cultural de la Humanidad de la UNESCO, advirti\u00f3 el alcalde Jos\u00e9 Chedraui Budib al refrendar que su gobierno no permitir\u00e1 la instalaci\u00f3n de los informales en el sector norte de la 2 a la 12 Poniente-Oriente entre la 5 y la 2 Norte.<\/p>\n\n\n\n<p>Precis\u00f3 que este dispositivo lo mantendr\u00e1 hasta un d\u00eda previo a 2026 porque los informales ya estaban en todas partes.<\/p>\n\n\n\n<p>Desde Palacio Municipal, indic\u00f3 que el operativo observado desde el viernes previo, es para proteger a los comerciantes formales.<\/p>\n\n\n\n<p>Pero aclar\u00f3 que no excluye a nadie ni a los vendedores ambulantes por ser tambi\u00e9n parte de la vida econ\u00f3mica del principal municipio de Puebla.<\/p>\n\n\n\n<p>Bajo esa perspectiva subray\u00f3 que su gobierno esta a la tarea para que puedan desempe\u00f1ar su actividad econ\u00f3mica de manera ordenada, por eso, buscar\u00e1 ofrecerles espacios a donde puedan vender sus productos.<\/p>\n\n\n\n<p>Refrendo que su gobierno trabaja en la mano de los tres \u00f3rdenes de gobierno como lo confirma el operativo desarrollado con la polic\u00eda estatal, la Sedena, Marina Guardia Nacional y los municipales.<\/p>\n\n\n\n<p>Chedraui Budib prioriz\u00f3 que este reordenamiento comercial se not\u00f3 la v\u00edspera positivamente, con la gran afluencia de turistas nacionales y globales, que caminaron por esas calles del sector norte del coraz\u00f3n del Angel\u00f3polis, sin problemas.<\/p>\n","protected":false},"excerpt":{"rendered":"<p>El reordenamiento comercial no tiene vuelta de hoja para mantener el t\u00edtulo de Patrimonio Cultural de la Humanidad de la UNESCO, advirti\u00f3 el alcalde Jos\u00e9 Chedraui Budib al refrendar que su gobierno no permitir\u00e1 la instalaci\u00f3n de los informales en el sector norte de la 2 a la 12 Poniente-Oriente entre la 5 y la [&hellip;]<\/p>\n","protected":false},"author":4,"featured_media":65538,"comment_status":"open","ping_status":"open","sticky":false,"template":"","format":"standard","meta":{"om_disable_all_campaigns":false,"_monsterinsights_skip_tracking":false,"_monsterinsights_sitenote_active":false,"_monsterinsights_sitenote_note":"","_monsterinsights_sitenote_category":0,"footnotes":""},"categories":[175],"tags":[223],"class_list":["post-65537","post","type-post","status-publish","format-standard","has-post-thumbnail","hentry","category-local","tag-puebla"],"amp_enabled":true,"_links":{"self":[{"href":"https:\/\/lahora.mx\/index.php\/wp-json\/wp\/v2\/posts\/65537","targetHints":{"allow":["GET"]}}],"collection":[{"href":"https:\/\/lahora.mx\/index.php\/wp-json\/wp\/v2\/posts"}],"about":[{"href":"https:\/\/lahora.mx\/index.php\/wp-json\/wp\/v2\/types\/post"}],"author":[{"embeddable":true,"href":"https:\/\/lahora.mx\/index.php\/wp-json\/wp\/v2\/users\/4"}],"replies":[{"embeddable":true,"href":"https:\/\/lahora.mx\/index.php\/wp-json\/wp\/v2\/comments?post=65537"}],"version-history":[{"count":1,"href":"https:\/\/lahora.mx\/index.php\/wp-json\/wp\/v2\/posts\/65537\/revisions"}],"predecessor-version":[{"id":65539,"href":"https:\/\/lahora.mx\/index.php\/wp-json\/wp\/v2\/posts\/65537\/revisions\/65539"}],"wp:featuredmedia":[{"embeddable":true,"href":"https:\/\/lahora.mx\/index.php\/wp-json\/wp\/v2\/media\/65538"}],"wp:attachment":[{"href":"https:\/\/lahora.mx\/index.php\/wp-json\/wp\/v2\/media?parent=65537"}],"wp:term":[{"taxonomy":"category","embeddable":true,"href":"https:\/\/lahora.mx\/index.php\/wp-json\/wp\/v2\/categories?post=65537"},{"taxonomy":"post_tag","embeddable":true,"href":"https:\/\/lahora.mx\/index.php\/wp-json\/wp\/v2\/tags?post=65537"}],"curies":[{"name":"wp","href":"https:\/\/api.w.org\/{rel}","templated":true}]}}