{"id":65534,"date":"2025-07-22T01:06:37","date_gmt":"2025-07-22T01:06:37","guid":{"rendered":"https:\/\/lahora.mx\/?p=65534"},"modified":"2025-07-22T01:06:38","modified_gmt":"2025-07-22T01:06:38","slug":"corrupcion-en-la-fge-detectan-redes-internas-y-estan-bajo-investigacion","status":"publish","type":"post","link":"https:\/\/lahora.mx\/index.php\/2025\/07\/22\/corrupcion-en-la-fge-detectan-redes-internas-y-estan-bajo-investigacion\/","title":{"rendered":"Corrupci\u00f3n en la FGE: detectan redes internas y est\u00e1n bajo investigaci\u00f3n"},"content":{"rendered":"\n<p>La Fiscal\u00eda General del Estado de Puebla (FGE) investiga una presunta red de corrupci\u00f3n al interior de la dependencia, revel\u00f3 su titular, Idamis Pastor Betancourt, quien afirm\u00f3 que ya fueron presentadas las denuncias correspondientes contra los presuntos responsables como parte de un proceso de depuraci\u00f3n.<\/p>\n\n\n\n<p>En conferencia de prensa, la fiscal general del estado se\u00f1al\u00f3 que desde que asumi\u00f3 el cargo a mediados de diciembre del a\u00f1o pasado detect\u00f3 que algunos funcionarios de la dependencia presuntamente favorec\u00edan a diferentes grupos delictivos que entorpec\u00edan los avances de varias carpetas de investigaci\u00f3n.<br>Tras presunto acto de corrupci\u00f3n de polic\u00eda auxiliar, gobernador advierte sanciones<br>Alejandro Armenta asever\u00f3 que durante su administraci\u00f3n no se tolerar\u00e1n actos fuera de la ley<br>Por lo anterior, se decidi\u00f3 realizar una depuraci\u00f3n al interior del organismo que deriv\u00f3 en la salida de algunos de los presuntos involucrados quienes decidieron renunciar de manera voluntaria, no obstante, indic\u00f3 que otro grupo de aparentes implicados se ha resistido a separarse de sus cargos pese a los se\u00f1alamientos en su contra.<\/p>\n\n\n\n<p>En ese sentido, expres\u00f3 que ya se abrieron carpetas de investigaci\u00f3n contra los trabajadores referidos por el presunto delito de corrupci\u00f3n, como parte de un proceso de depuraci\u00f3n con la que se busca mejorar eficientizar el trabajo de la Fiscal\u00eda y recuperar la confianza de la sociedad poblana que dej\u00f3 de creer en dicha instituci\u00f3n.<\/p>\n\n\n\n<p>Asimismo, Pastor Bentacourt sentenci\u00f3 que durante su gesti\u00f3n al frente de la Fiscal\u00eda General del Estado habr\u00e1 vigilancia en todas las \u00e1reas adheridas a este organismo a fin de evitar que se vuelva a generar alguna posible red de corrupci\u00f3n al interior y prevenir que se entorpezcan las carpetas de investigaci\u00f3n.<\/p>\n\n\n\n<p>Hemos encontrado corrupci\u00f3n, como en todas las dependencias, ya hemos iniciado diversas carpetas de investigaci\u00f3n y en algunos casos, se ha solicitado la renuncia de servidores p\u00fablicos; otros se han retirado por cuenta propia (\u2026), estamos depurando la Fiscal\u00eda, tendremos mayor vigilancia para que esto no se repita,<br>mencion\u00f3.<br>Por su parte, el gobernador del estado, Alejandro Armenta Mier lament\u00f3 las presuntas red de corrupci\u00f3n y las supuestas filtraciones de diversos grupos criminales en la Fiscal\u00eda, por lo que celebr\u00f3 que la titular Idamis Pastor Bentacourt abri\u00f3 las respectivas carpetas de investigaci\u00f3n relacionados a estos hechos para depurar este organismo.<br>El gobierno de Puebla no tolera actos de corrupci\u00f3n, responde Garc\u00eda Parra a Sim\u00f3n Levy<br>El empresario acus\u00f3 que un presunto operador pol\u00edtico, vinculado con la anterior administraci\u00f3n federal, le exigi\u00f3 un soborno para permitir el avance de un proyecto en Ciudad Modelo.<br>No obstante, el mandatario estatal afirm\u00f3 que esta situaci\u00f3n no es \u00fanica, pues, tambi\u00e9n han sido detectados casos similares en algunas de las dependencias de su administraci\u00f3n, por lo que lament\u00f3 que los presuntos responsables se oponen a separarse de sus cargos para llevar a cabo las investigaciones correspondientes.<\/p>\n\n\n\n<p>Por muchos a\u00f1os, los grupos delictivos se infiltraron en instituciones de justicia (\u2026), lamentablemente, no podemos cambiar a todo el personal de un d\u00eda para otro, pero se est\u00e1n tomando decisiones estrat\u00e9gicas, investigando y aplicando una depuraci\u00f3n responsable,<br>declar\u00f3.<\/p>\n","protected":false},"excerpt":{"rendered":"<p>La Fiscal\u00eda General del Estado de Puebla (FGE) investiga una presunta red de corrupci\u00f3n al interior de la dependencia, revel\u00f3 su titular, Idamis Pastor Betancourt, quien afirm\u00f3 que ya fueron presentadas las denuncias correspondientes contra los presuntos responsables como parte de un proceso de depuraci\u00f3n. En conferencia de prensa, la fiscal general del estado se\u00f1al\u00f3 [&hellip;]<\/p>\n","protected":false},"author":4,"featured_media":65535,"comment_status":"open","ping_status":"open","sticky":false,"template":"","format":"standard","meta":{"om_disable_all_campaigns":false,"_monsterinsights_skip_tracking":false,"_monsterinsights_sitenote_active":false,"_monsterinsights_sitenote_note":"","_monsterinsights_sitenote_category":0,"footnotes":""},"categories":[175],"tags":[195,223],"class_list":["post-65534","post","type-post","status-publish","format-standard","has-post-thumbnail","hentry","category-local","tag-principal","tag-puebla"],"amp_enabled":true,"_links":{"self":[{"href":"https:\/\/lahora.mx\/index.php\/wp-json\/wp\/v2\/posts\/65534","targetHints":{"allow":["GET"]}}],"collection":[{"href":"https:\/\/lahora.mx\/index.php\/wp-json\/wp\/v2\/posts"}],"about":[{"href":"https:\/\/lahora.mx\/index.php\/wp-json\/wp\/v2\/types\/post"}],"author":[{"embeddable":true,"href":"https:\/\/lahora.mx\/index.php\/wp-json\/wp\/v2\/users\/4"}],"replies":[{"embeddable":true,"href":"https:\/\/lahora.mx\/index.php\/wp-json\/wp\/v2\/comments?post=65534"}],"version-history":[{"count":1,"href":"https:\/\/lahora.mx\/index.php\/wp-json\/wp\/v2\/posts\/65534\/revisions"}],"predecessor-version":[{"id":65536,"href":"https:\/\/lahora.mx\/index.php\/wp-json\/wp\/v2\/posts\/65534\/revisions\/65536"}],"wp:featuredmedia":[{"embeddable":true,"href":"https:\/\/lahora.mx\/index.php\/wp-json\/wp\/v2\/media\/65535"}],"wp:attachment":[{"href":"https:\/\/lahora.mx\/index.php\/wp-json\/wp\/v2\/media?parent=65534"}],"wp:term":[{"taxonomy":"category","embeddable":true,"href":"https:\/\/lahora.mx\/index.php\/wp-json\/wp\/v2\/categories?post=65534"},{"taxonomy":"post_tag","embeddable":true,"href":"https:\/\/lahora.mx\/index.php\/wp-json\/wp\/v2\/tags?post=65534"}],"curies":[{"name":"wp","href":"https:\/\/api.w.org\/{rel}","templated":true}]}}