{"id":65524,"date":"2025-07-22T00:58:39","date_gmt":"2025-07-22T00:58:39","guid":{"rendered":"https:\/\/lahora.mx\/?p=65524"},"modified":"2025-07-22T00:58:40","modified_gmt":"2025-07-22T00:58:40","slug":"omar-munoz-refuerza-apoyo-a-educadoras-de-caic-en-cuautlancingo","status":"publish","type":"post","link":"https:\/\/lahora.mx\/index.php\/2025\/07\/22\/omar-munoz-refuerza-apoyo-a-educadoras-de-caic-en-cuautlancingo\/","title":{"rendered":"Omar Mu\u00f1oz refuerza apoyo a educadoras de CAIC en Cuautlancingo"},"content":{"rendered":"\n<p>Con el objetivo de mejorar la atenci\u00f3n educativa y el desarrollo integral de la primera infancia, el presidente municipal Omar Mu\u00f1oz y la presidenta del Sistema Municipal DIF, Tere Alfaro, sostuvieron una reuni\u00f3n con las directoras de los 12 Centros de Asistencia Infantil Comunitarios (CAIC) del municipio.<\/p>\n\n\n\n<p>Durante el encuentro, las autoridades dialogaron con las educadoras sobre la mejora de los espacios educativos, el fortalecimiento de sus capacidades profesionales y nuevas estrategias para brindar atenci\u00f3n integral a los menores que forman parte de estos centros.<\/p>\n\n\n\n<p>Omar Mu\u00f1oz reconoci\u00f3 la labor de las maestras como pilar fundamental en la formaci\u00f3n de las nuevas generaciones. \u201cNuestro compromiso es brindar las condiciones adecuadas para quienes cuidan a nuestras ni\u00f1as y ni\u00f1os; su dedicaci\u00f3n es la base para construir un mejor futuro en Cuautlancingo\u201d, expres\u00f3.<\/p>\n\n\n\n<p>Por su parte, Tere Alfaro destac\u00f3 que desde el DIF Municipal se impulsa la capacitaci\u00f3n constante del personal docente, tanto en el \u00e1mbito acad\u00e9mico como emocional, para garantizar una atenci\u00f3n de calidad a las y los peque\u00f1os.<\/p>\n","protected":false},"excerpt":{"rendered":"<p>Con el objetivo de mejorar la atenci\u00f3n educativa y el desarrollo integral de la primera infancia, el presidente municipal Omar Mu\u00f1oz y la presidenta del Sistema Municipal DIF, Tere Alfaro, sostuvieron una reuni\u00f3n con las directoras de los 12 Centros de Asistencia Infantil Comunitarios (CAIC) del municipio. Durante el encuentro, las autoridades dialogaron con las [&hellip;]<\/p>\n","protected":false},"author":4,"featured_media":65525,"comment_status":"open","ping_status":"open","sticky":false,"template":"","format":"standard","meta":{"om_disable_all_campaigns":false,"_monsterinsights_skip_tracking":false,"_monsterinsights_sitenote_active":false,"_monsterinsights_sitenote_note":"","_monsterinsights_sitenote_category":0,"footnotes":""},"categories":[175],"tags":[186,223],"class_list":["post-65524","post","type-post","status-publish","format-standard","has-post-thumbnail","hentry","category-local","tag-buap","tag-puebla"],"amp_enabled":true,"_links":{"self":[{"href":"https:\/\/lahora.mx\/index.php\/wp-json\/wp\/v2\/posts\/65524","targetHints":{"allow":["GET"]}}],"collection":[{"href":"https:\/\/lahora.mx\/index.php\/wp-json\/wp\/v2\/posts"}],"about":[{"href":"https:\/\/lahora.mx\/index.php\/wp-json\/wp\/v2\/types\/post"}],"author":[{"embeddable":true,"href":"https:\/\/lahora.mx\/index.php\/wp-json\/wp\/v2\/users\/4"}],"replies":[{"embeddable":true,"href":"https:\/\/lahora.mx\/index.php\/wp-json\/wp\/v2\/comments?post=65524"}],"version-history":[{"count":1,"href":"https:\/\/lahora.mx\/index.php\/wp-json\/wp\/v2\/posts\/65524\/revisions"}],"predecessor-version":[{"id":65526,"href":"https:\/\/lahora.mx\/index.php\/wp-json\/wp\/v2\/posts\/65524\/revisions\/65526"}],"wp:featuredmedia":[{"embeddable":true,"href":"https:\/\/lahora.mx\/index.php\/wp-json\/wp\/v2\/media\/65525"}],"wp:attachment":[{"href":"https:\/\/lahora.mx\/index.php\/wp-json\/wp\/v2\/media?parent=65524"}],"wp:term":[{"taxonomy":"category","embeddable":true,"href":"https:\/\/lahora.mx\/index.php\/wp-json\/wp\/v2\/categories?post=65524"},{"taxonomy":"post_tag","embeddable":true,"href":"https:\/\/lahora.mx\/index.php\/wp-json\/wp\/v2\/tags?post=65524"}],"curies":[{"name":"wp","href":"https:\/\/api.w.org\/{rel}","templated":true}]}}