{"id":65520,"date":"2025-07-22T00:54:40","date_gmt":"2025-07-22T00:54:40","guid":{"rendered":"https:\/\/lahora.mx\/?p=65520"},"modified":"2025-07-22T00:54:41","modified_gmt":"2025-07-22T00:54:41","slug":"lupita-cuautle-impulsa-limpieza-comunitaria-en-san-andres-cholula","status":"publish","type":"post","link":"https:\/\/lahora.mx\/index.php\/2025\/07\/22\/lupita-cuautle-impulsa-limpieza-comunitaria-en-san-andres-cholula\/","title":{"rendered":"Lupita Cuautle impulsa limpieza comunitaria en San Andr\u00e9s Cholula"},"content":{"rendered":"\n<p>Con el objetivo de fortalecer el mantenimiento de espacios p\u00fablicos y fomentar la participaci\u00f3n ciudadana, la presidenta municipal Lupita Cuautle Torres encabez\u00f3 una jornada de limpieza comunitaria en la colonia Gobernadores.<\/p>\n\n\n\n<p>Durante el evento, la alcaldesa resalt\u00f3 que estas acciones no solo mejoran la imagen urbana, sino tambi\u00e9n fortalecen el sentido de pertenencia y colaboraci\u00f3n entre vecinos. A\u00f1adi\u00f3 que las jornadas se seguir\u00e1n realizando de manera constante, junto con las labores derivadas de reportes ciudadanos, como parte del compromiso de su administraci\u00f3n con servicios p\u00fablicos eficientes y de calidad.<\/p>\n\n\n\n<p>En esta jornada, se llevaron a cabo trabajos de barrido manual, pintura de guarniciones, bacheo, renivelaci\u00f3n de adoqu\u00edn y modernizaci\u00f3n del alumbrado p\u00fablico, principalmente en el camell\u00f3n central de la avenida D\u00edaz Ordaz.<\/p>\n\n\n\n<p>El secretario de Servicios P\u00fablicos, Francisco Osorio Coatl, inform\u00f3 que las labores abarcaron una superficie de m\u00e1s de 3 mil metros cuadrados, lo que contribuye a mejorar la movilidad y a crear entornos m\u00e1s seguros para la poblaci\u00f3n.<\/p>\n\n\n\n<p>Con estas acciones, el gobierno de San Andr\u00e9s Cholula refrenda su compromiso con el bienestar de las y los ciudadanos, impulsando entornos m\u00e1s ordenados, limpios y funcionales.<\/p>\n","protected":false},"excerpt":{"rendered":"<p>Con el objetivo de fortalecer el mantenimiento de espacios p\u00fablicos y fomentar la participaci\u00f3n ciudadana, la presidenta municipal Lupita Cuautle Torres encabez\u00f3 una jornada de limpieza comunitaria en la colonia Gobernadores. Durante el evento, la alcaldesa resalt\u00f3 que estas acciones no solo mejoran la imagen urbana, sino tambi\u00e9n fortalecen el sentido de pertenencia y colaboraci\u00f3n [&hellip;]<\/p>\n","protected":false},"author":4,"featured_media":65521,"comment_status":"open","ping_status":"open","sticky":false,"template":"","format":"standard","meta":{"om_disable_all_campaigns":false,"_monsterinsights_skip_tracking":false,"_monsterinsights_sitenote_active":false,"_monsterinsights_sitenote_note":"","_monsterinsights_sitenote_category":0,"footnotes":""},"categories":[175],"tags":[223],"class_list":["post-65520","post","type-post","status-publish","format-standard","has-post-thumbnail","hentry","category-local","tag-puebla"],"amp_enabled":true,"_links":{"self":[{"href":"https:\/\/lahora.mx\/index.php\/wp-json\/wp\/v2\/posts\/65520","targetHints":{"allow":["GET"]}}],"collection":[{"href":"https:\/\/lahora.mx\/index.php\/wp-json\/wp\/v2\/posts"}],"about":[{"href":"https:\/\/lahora.mx\/index.php\/wp-json\/wp\/v2\/types\/post"}],"author":[{"embeddable":true,"href":"https:\/\/lahora.mx\/index.php\/wp-json\/wp\/v2\/users\/4"}],"replies":[{"embeddable":true,"href":"https:\/\/lahora.mx\/index.php\/wp-json\/wp\/v2\/comments?post=65520"}],"version-history":[{"count":1,"href":"https:\/\/lahora.mx\/index.php\/wp-json\/wp\/v2\/posts\/65520\/revisions"}],"predecessor-version":[{"id":65522,"href":"https:\/\/lahora.mx\/index.php\/wp-json\/wp\/v2\/posts\/65520\/revisions\/65522"}],"wp:featuredmedia":[{"embeddable":true,"href":"https:\/\/lahora.mx\/index.php\/wp-json\/wp\/v2\/media\/65521"}],"wp:attachment":[{"href":"https:\/\/lahora.mx\/index.php\/wp-json\/wp\/v2\/media?parent=65520"}],"wp:term":[{"taxonomy":"category","embeddable":true,"href":"https:\/\/lahora.mx\/index.php\/wp-json\/wp\/v2\/categories?post=65520"},{"taxonomy":"post_tag","embeddable":true,"href":"https:\/\/lahora.mx\/index.php\/wp-json\/wp\/v2\/tags?post=65520"}],"curies":[{"name":"wp","href":"https:\/\/api.w.org\/{rel}","templated":true}]}}