{"id":65508,"date":"2025-07-22T00:27:45","date_gmt":"2025-07-22T00:27:45","guid":{"rendered":"https:\/\/lahora.mx\/?p=65508"},"modified":"2025-07-22T00:27:45","modified_gmt":"2025-07-22T00:27:45","slug":"detienen-a-feminicida-de-karla-banuelos-le-disparo-con-un-arma-larga-en-jalisco","status":"publish","type":"post","link":"https:\/\/lahora.mx\/index.php\/2025\/07\/22\/detienen-a-feminicida-de-karla-banuelos-le-disparo-con-un-arma-larga-en-jalisco\/","title":{"rendered":"Detienen a feminicida de Karla Ba\u00f1uelos; le dispar\u00f3 con un arma larga en Jalisco"},"content":{"rendered":"\n<p>Kevin \u2019N\u2019, el presunto feminicida de Karla Ba\u00f1uelos, la joven de 28 a\u00f1os que perdi\u00f3 la vida luego de que fuera atacada a balazos afuera de su domicilio, fue detenido a una semana de los hechos, confirm\u00f3 el gobernador Pablo Lemus.<\/p>\n\n\n\n<p>\u00abHace unos momentos fue detenido Kevin N, el presunto responsable del feminicidio de Karla, ocurrido el fin de semana pasado en la colonia Balcones de Oblatos. En Jalisco el que la hace la paga\u00bb, puntualiz\u00f3 el gobernador.<\/p>\n\n\n\n<p>Pablo Lemus indic\u00f3 que ser\u00e1n la Secretar\u00eda de Seguridad y la Fiscal\u00eda de Jalisco las que brinden m\u00e1s detalles acerca de la captura de Kevin &#8216;N&#8217;, quien tras el feminicidio de la joven escap\u00f3 a bordo de su camioneta, unidad que fue localizada el pasado 14 de julio en el municipio de Tlajomulco de Z\u00fa\u00f1iga.<br>Feminicidio de Karla Ba\u00f1uelos<br>Karla Ba\u00f1uelos, una joven de 28 a\u00f1os, fue asesinada afuera de su domicilio en la colonia Balcones de Oblatos, en Guadalajara, Jalisco, durante la madrugada del pasado 12 de julio por un hombre identificado como Kevin &#8216;N&#8217;, quien, seg\u00fan primeras versiones, se tratar\u00eda de su expareja, aunque familiares han negado que la v\u00edctima y el asesino tuvieran una relaci\u00f3n.<\/p>\n\n\n\n<p>Los hechos ocurrieron a las 2:29 horas del s\u00e1bado 12 de julio cuando Kevin &#8216;N&#8217; lleg\u00f3 hasta la casa de la v\u00edctima. De acuerdo con un video que circul\u00f3 en redes sociales se ve a Karla discutir con quien ser\u00eda su feminicida, golpea su camioneta con una escoba y le exige que se vaya.<br>Sin embargo, el feminicida saca un arma de grueso calibre de su veh\u00edculo\u2026 un rifle AR-15 y realiza algunas detonaciones para persuadirla y finalmente le dispara directamente a Karla, quien se desploma en el pavimento. Familiares de la joven llamaron al n\u00famero de emergencias y hasta el lugar llegaron polic\u00edas y param\u00e9dicos, estos \u00faltimos certificaron que la joven de 28 a\u00f1os ya no contaba con signos vitales.<\/p>\n\n\n\n<p>La Fiscal\u00eda de Jalisco abri\u00f3 una carpeta de investigaci\u00f3n por el feminicidio de Karla Ba\u00f1uelos y como parte de las diligencias realiz\u00f3 diversos operativos para dar con el agresor de la joven, el cual finalmente fue capturado nueve d\u00edas despu\u00e9s del crimen.<\/p>\n","protected":false},"excerpt":{"rendered":"<p>Kevin \u2019N\u2019, el presunto feminicida de Karla Ba\u00f1uelos, la joven de 28 a\u00f1os que perdi\u00f3 la vida luego de que fuera atacada a balazos afuera de su domicilio, fue detenido a una semana de los hechos, confirm\u00f3 el gobernador Pablo Lemus. \u00abHace unos momentos fue detenido Kevin N, el presunto responsable del feminicidio de Karla, [&hellip;]<\/p>\n","protected":false},"author":4,"featured_media":65509,"comment_status":"open","ping_status":"open","sticky":false,"template":"","format":"standard","meta":{"om_disable_all_campaigns":false,"_monsterinsights_skip_tracking":false,"_monsterinsights_sitenote_active":false,"_monsterinsights_sitenote_note":"","_monsterinsights_sitenote_category":0,"footnotes":""},"categories":[175,176,226],"tags":[],"class_list":["post-65508","post","type-post","status-publish","format-standard","has-post-thumbnail","hentry","category-local","category-nacional","category-policia"],"amp_enabled":true,"_links":{"self":[{"href":"https:\/\/lahora.mx\/index.php\/wp-json\/wp\/v2\/posts\/65508","targetHints":{"allow":["GET"]}}],"collection":[{"href":"https:\/\/lahora.mx\/index.php\/wp-json\/wp\/v2\/posts"}],"about":[{"href":"https:\/\/lahora.mx\/index.php\/wp-json\/wp\/v2\/types\/post"}],"author":[{"embeddable":true,"href":"https:\/\/lahora.mx\/index.php\/wp-json\/wp\/v2\/users\/4"}],"replies":[{"embeddable":true,"href":"https:\/\/lahora.mx\/index.php\/wp-json\/wp\/v2\/comments?post=65508"}],"version-history":[{"count":1,"href":"https:\/\/lahora.mx\/index.php\/wp-json\/wp\/v2\/posts\/65508\/revisions"}],"predecessor-version":[{"id":65510,"href":"https:\/\/lahora.mx\/index.php\/wp-json\/wp\/v2\/posts\/65508\/revisions\/65510"}],"wp:featuredmedia":[{"embeddable":true,"href":"https:\/\/lahora.mx\/index.php\/wp-json\/wp\/v2\/media\/65509"}],"wp:attachment":[{"href":"https:\/\/lahora.mx\/index.php\/wp-json\/wp\/v2\/media?parent=65508"}],"wp:term":[{"taxonomy":"category","embeddable":true,"href":"https:\/\/lahora.mx\/index.php\/wp-json\/wp\/v2\/categories?post=65508"},{"taxonomy":"post_tag","embeddable":true,"href":"https:\/\/lahora.mx\/index.php\/wp-json\/wp\/v2\/tags?post=65508"}],"curies":[{"name":"wp","href":"https:\/\/api.w.org\/{rel}","templated":true}]}}