{"id":6549,"date":"2022-05-06T01:38:36","date_gmt":"2022-05-06T01:38:36","guid":{"rendered":"http:\/\/lahora.mx\/?p=6549"},"modified":"2022-05-06T01:38:38","modified_gmt":"2022-05-06T01:38:38","slug":"el-caso-de-sandra-secuestrada-en-amozoc-es-de-extremo-cuidado-continua-la-investigacion-higuera","status":"publish","type":"post","link":"https:\/\/lahora.mx\/index.php\/2022\/05\/06\/el-caso-de-sandra-secuestrada-en-amozoc-es-de-extremo-cuidado-continua-la-investigacion-higuera\/","title":{"rendered":"El caso de Sandra secuestrada en Amozoc es de extremo cuidado, contin\u00faa la investigaci\u00f3n: Higuera"},"content":{"rendered":"\n<p><strong>El fiscal general Gilberto Higuera Bernal reconoci\u00f3<\/strong>\u00a0que el caso de Sandra P\u00e9rez Portillo\u00a0es de extremo cuidado y por ende no puede dar m\u00e1s detalles al respecto, por lo que la investigaci\u00f3n contin\u00faa desarroll\u00e1ndose.<br>El titular de la\u00a0<strong>Fiscal\u00eda General del Estado evit\u00f3 dar mayores detalles sobre el caso,<\/strong>\u00a0argumentando que las investigaciones contin\u00faan desarroll\u00e1ndose, al mismo tiempo de indicar que se detuvieron a siete personas relacionadas al caso.<br><\/p>\n\n\n\n<p>Cabe mencionar que a pesar de que\u00a0<strong>Sandra P\u00e9rez suma ya m\u00e1s de una semana<\/strong>\u00a0de desaparecida, pese a que la Fiscal\u00eda General del Estado detuvo a siete personas.<\/p>\n\n\n\n<p><strong>Higuera Bernal tambi\u00e9n asegur\u00f3 que se han atendidos todos los casos<\/strong>&nbsp;de privaci\u00f3n de libertad que se han presentado, indicando que es el t\u00e9rmino jur\u00eddico para los levantones.<a href=\"https:\/\/news.google.com\/publications\/CAAqBwgKMJvEiQswnKybAw?ceid=MX:es-419&amp;oc=3\" target=\"_blank\" rel=\"noreferrer noopener\"><\/a><\/p>\n","protected":false},"excerpt":{"rendered":"<p>El fiscal general Gilberto Higuera Bernal reconoci\u00f3\u00a0que el caso de Sandra P\u00e9rez Portillo\u00a0es de extremo cuidado y por ende no puede dar m\u00e1s detalles al respecto, por lo que la investigaci\u00f3n contin\u00faa desarroll\u00e1ndose.El titular de la\u00a0Fiscal\u00eda General del Estado evit\u00f3 dar mayores detalles sobre el caso,\u00a0argumentando que las investigaciones contin\u00faan desarroll\u00e1ndose, al mismo tiempo de [&hellip;]<\/p>\n","protected":false},"author":4,"featured_media":6550,"comment_status":"open","ping_status":"open","sticky":false,"template":"","format":"standard","meta":{"om_disable_all_campaigns":false,"_monsterinsights_skip_tracking":false,"_monsterinsights_sitenote_active":false,"_monsterinsights_sitenote_note":"","_monsterinsights_sitenote_category":0,"footnotes":""},"categories":[175],"tags":[223],"class_list":["post-6549","post","type-post","status-publish","format-standard","has-post-thumbnail","hentry","category-local","tag-puebla"],"amp_enabled":true,"_links":{"self":[{"href":"https:\/\/lahora.mx\/index.php\/wp-json\/wp\/v2\/posts\/6549","targetHints":{"allow":["GET"]}}],"collection":[{"href":"https:\/\/lahora.mx\/index.php\/wp-json\/wp\/v2\/posts"}],"about":[{"href":"https:\/\/lahora.mx\/index.php\/wp-json\/wp\/v2\/types\/post"}],"author":[{"embeddable":true,"href":"https:\/\/lahora.mx\/index.php\/wp-json\/wp\/v2\/users\/4"}],"replies":[{"embeddable":true,"href":"https:\/\/lahora.mx\/index.php\/wp-json\/wp\/v2\/comments?post=6549"}],"version-history":[{"count":1,"href":"https:\/\/lahora.mx\/index.php\/wp-json\/wp\/v2\/posts\/6549\/revisions"}],"predecessor-version":[{"id":6551,"href":"https:\/\/lahora.mx\/index.php\/wp-json\/wp\/v2\/posts\/6549\/revisions\/6551"}],"wp:featuredmedia":[{"embeddable":true,"href":"https:\/\/lahora.mx\/index.php\/wp-json\/wp\/v2\/media\/6550"}],"wp:attachment":[{"href":"https:\/\/lahora.mx\/index.php\/wp-json\/wp\/v2\/media?parent=6549"}],"wp:term":[{"taxonomy":"category","embeddable":true,"href":"https:\/\/lahora.mx\/index.php\/wp-json\/wp\/v2\/categories?post=6549"},{"taxonomy":"post_tag","embeddable":true,"href":"https:\/\/lahora.mx\/index.php\/wp-json\/wp\/v2\/tags?post=6549"}],"curies":[{"name":"wp","href":"https:\/\/api.w.org\/{rel}","templated":true}]}}