{"id":65482,"date":"2025-07-21T15:16:00","date_gmt":"2025-07-21T15:16:00","guid":{"rendered":"https:\/\/lahora.mx\/?p=65482"},"modified":"2025-07-21T15:16:00","modified_gmt":"2025-07-21T15:16:00","slug":"segunda-marcha-vs-la-gentrificacion-en-cdmx-termina-con-danos-y-encapsulados","status":"publish","type":"post","link":"https:\/\/lahora.mx\/index.php\/2025\/07\/21\/segunda-marcha-vs-la-gentrificacion-en-cdmx-termina-con-danos-y-encapsulados\/","title":{"rendered":"Segunda marcha vs la gentrificaci\u00f3n en CDMX termina con da\u00f1os y encapsulados"},"content":{"rendered":"\n<p>Aproximadamente 600 manifestantes, en su mayor\u00eda j\u00f3venes, vecinos y colectivos sociales, se reunieron este domingo en la estaci\u00f3n Fuentes Brotantes del Metrob\u00fas, en Tlalpan, Ciudad de M\u00e9xico, para participar en la segunda marcha contra la gentrificaci\u00f3n en la capital del pa\u00eds.<\/p>\n\n\n\n<p>La protesta busc\u00f3 visibilizar el desplazamiento de residentes tradicionales debido al aumento en precios de rentas y servicios, un fen\u00f3meno que se ha acelerado en colonias del sur de la ciudad.<\/p>\n\n\n\n<p>El contingente contra la gentrificaci\u00f3n inici\u00f3 su recorrido alrededor de las 14:00 horas con rumbo al monumento de El Caminero, pero pronto se encontr\u00f3 con operativo policial enviado por el gobierno capitalino.<\/p>\n\n\n\n<p>Elementos de la Secretar\u00eda de Seguridad Ciudadana (SSC) bloquearon el avance de los manifestantes, argumentando una medida preventiva tras los destrozos que se registraron en la primera protesta del 4 de julio en colonias como Ju\u00e1rez y Roma.<\/p>\n\n\n\n<p>\u00abNo somos delincuentes, exigimos vivienda digna\u00bb, gritaron algunos participantes al ser contenidos con escudos por los uniformados.<\/p>\n\n\n\n<p>Hacia las 16:30 horas, un grupo de encapuchados rompi\u00f3 vidrios de las estaciones Fuentes Brotantes y Perif\u00e9rico del Metrob\u00fas, adem\u00e1s de pintar consignas contra la gentrificaci\u00f3n.<\/p>\n\n\n\n<p>Al llegar a Ciudad Universitaria de la Universidad Nacional Aut\u00f3noma de M\u00e9xico (UNAM) el bloque negro de la manifestaci\u00f3n dej\u00f3 afectaciones en la fachada del Museo Universitario de Arte Contempor\u00e1neo (MUAC).<\/p>\n\n\n\n<p>Ah\u00ed dejaron mensajes como \u00abFuera gringos\u00bb y \u00abNo al desplazamiento\u00bb. La UNAM conden\u00f3 los da\u00f1os y anunci\u00f3 acciones legales.<\/p>\n\n\n\n<p>Durante un mitin frente al monumento de El Caminero, los organizadores leyeron un pliego petitorio que inclu\u00eda la cancelaci\u00f3n del proyecto inmobiliario Fuentes Brotantes, la creaci\u00f3n de una ley inquilinaria popular y urgente y el alto a la criminalizaci\u00f3n de defensores del territorio.<\/p>\n\n\n\n<p>Elizabeth \u00c1lvarez, integrante del Frente por la Defensa de los Pueblos Originarios, critic\u00f3 la presencia de granaderos: \u00abEl sur tambi\u00e9n sufre gentrificaci\u00f3n, pero la represi\u00f3n no es la soluci\u00f3n\u00bb.<\/p>\n\n\n\n<p>El gobierno de la CDMX inform\u00f3 que la segunda marcha contra la gentrificaci\u00f3n transcurri\u00f3 con saldo blanco, pero omiti\u00f3 mencionar los da\u00f1os al MUAC en su reporte oficial.<\/p>\n\n\n\n<p>Vecinos de las colonias en donde pas\u00f3 la movilizaci\u00f3n social denunciaron que la SSC obstruy\u00f3 el acceso a la protesta cerrando estaciones del Metrob\u00fas horas antes.<\/p>\n\n\n\n<p>Expertos se\u00f1alan que la gentrificaci\u00f3n en la CDMX y7a desplaz\u00f3 a m\u00e1s de cuatro mil personas en los \u00faltimos 15 a\u00f1os, acorde con cifras de organizaciones civiles. Con la llegada del Mundial 2026, temen que la especulaci\u00f3n inmobiliaria y el turismo masivo agudicen la crisis de vivienda en el pa\u00eds.<\/p>\n","protected":false},"excerpt":{"rendered":"<p>Aproximadamente 600 manifestantes, en su mayor\u00eda j\u00f3venes, vecinos y colectivos sociales, se reunieron este domingo en la estaci\u00f3n Fuentes Brotantes del Metrob\u00fas, en Tlalpan, Ciudad de M\u00e9xico, para participar en la segunda marcha contra la gentrificaci\u00f3n en la capital del pa\u00eds. La protesta busc\u00f3 visibilizar el desplazamiento de residentes tradicionales debido al aumento en precios [&hellip;]<\/p>\n","protected":false},"author":4,"featured_media":65483,"comment_status":"open","ping_status":"open","sticky":false,"template":"","format":"standard","meta":{"om_disable_all_campaigns":false,"_monsterinsights_skip_tracking":false,"_monsterinsights_sitenote_active":false,"_monsterinsights_sitenote_note":"","_monsterinsights_sitenote_category":0,"footnotes":""},"categories":[175,176],"tags":[223],"class_list":["post-65482","post","type-post","status-publish","format-standard","has-post-thumbnail","hentry","category-local","category-nacional","tag-puebla"],"amp_enabled":true,"_links":{"self":[{"href":"https:\/\/lahora.mx\/index.php\/wp-json\/wp\/v2\/posts\/65482","targetHints":{"allow":["GET"]}}],"collection":[{"href":"https:\/\/lahora.mx\/index.php\/wp-json\/wp\/v2\/posts"}],"about":[{"href":"https:\/\/lahora.mx\/index.php\/wp-json\/wp\/v2\/types\/post"}],"author":[{"embeddable":true,"href":"https:\/\/lahora.mx\/index.php\/wp-json\/wp\/v2\/users\/4"}],"replies":[{"embeddable":true,"href":"https:\/\/lahora.mx\/index.php\/wp-json\/wp\/v2\/comments?post=65482"}],"version-history":[{"count":1,"href":"https:\/\/lahora.mx\/index.php\/wp-json\/wp\/v2\/posts\/65482\/revisions"}],"predecessor-version":[{"id":65484,"href":"https:\/\/lahora.mx\/index.php\/wp-json\/wp\/v2\/posts\/65482\/revisions\/65484"}],"wp:featuredmedia":[{"embeddable":true,"href":"https:\/\/lahora.mx\/index.php\/wp-json\/wp\/v2\/media\/65483"}],"wp:attachment":[{"href":"https:\/\/lahora.mx\/index.php\/wp-json\/wp\/v2\/media?parent=65482"}],"wp:term":[{"taxonomy":"category","embeddable":true,"href":"https:\/\/lahora.mx\/index.php\/wp-json\/wp\/v2\/categories?post=65482"},{"taxonomy":"post_tag","embeddable":true,"href":"https:\/\/lahora.mx\/index.php\/wp-json\/wp\/v2\/tags?post=65482"}],"curies":[{"name":"wp","href":"https:\/\/api.w.org\/{rel}","templated":true}]}}