{"id":65479,"date":"2025-07-21T15:14:03","date_gmt":"2025-07-21T15:14:03","guid":{"rendered":"https:\/\/lahora.mx\/?p=65479"},"modified":"2025-07-21T15:14:03","modified_gmt":"2025-07-21T15:14:03","slug":"cierran-acceso-a-la-capu-desde-san-felipe-por-mantenimiento-vial","status":"publish","type":"post","link":"https:\/\/lahora.mx\/index.php\/2025\/07\/21\/cierran-acceso-a-la-capu-desde-san-felipe-por-mantenimiento-vial\/","title":{"rendered":"Cierran acceso a la CAPU desde San Felipe por mantenimiento vial"},"content":{"rendered":"\n<p>Autoridades reportaron el cierre temporal de la entrada a la Central de Autobuses de Puebla (CAPU) para quienes circulan desde la zona de San Felipe, debido a trabajos de mantenimiento vial.<br><br>El cierre afecta a los conductores que se dirigen hacia la terminal desde el norte de la ciudad, por lo que se recomienda tomar rutas alternas y extremar precauciones al transitar por la zona, ya que podr\u00edan generarse congestionamientos.<\/p>\n\n\n\n<p>Hasta el momento no se ha informado la duraci\u00f3n de los trabajos, por lo que se exhorta a la ciudadan\u00eda a mantenerse informada a trav\u00e9s de los canales oficiales.<\/p>\n","protected":false},"excerpt":{"rendered":"<p>Autoridades reportaron el cierre temporal de la entrada a la Central de Autobuses de Puebla (CAPU) para quienes circulan desde la zona de San Felipe, debido a trabajos de mantenimiento vial. El cierre afecta a los conductores que se dirigen hacia la terminal desde el norte de la ciudad, por lo que se recomienda tomar [&hellip;]<\/p>\n","protected":false},"author":4,"featured_media":65480,"comment_status":"open","ping_status":"open","sticky":false,"template":"","format":"standard","meta":{"om_disable_all_campaigns":false,"_monsterinsights_skip_tracking":false,"_monsterinsights_sitenote_active":false,"_monsterinsights_sitenote_note":"","_monsterinsights_sitenote_category":0,"footnotes":""},"categories":[175],"tags":[195,223],"class_list":["post-65479","post","type-post","status-publish","format-standard","has-post-thumbnail","hentry","category-local","tag-principal","tag-puebla"],"amp_enabled":true,"_links":{"self":[{"href":"https:\/\/lahora.mx\/index.php\/wp-json\/wp\/v2\/posts\/65479","targetHints":{"allow":["GET"]}}],"collection":[{"href":"https:\/\/lahora.mx\/index.php\/wp-json\/wp\/v2\/posts"}],"about":[{"href":"https:\/\/lahora.mx\/index.php\/wp-json\/wp\/v2\/types\/post"}],"author":[{"embeddable":true,"href":"https:\/\/lahora.mx\/index.php\/wp-json\/wp\/v2\/users\/4"}],"replies":[{"embeddable":true,"href":"https:\/\/lahora.mx\/index.php\/wp-json\/wp\/v2\/comments?post=65479"}],"version-history":[{"count":1,"href":"https:\/\/lahora.mx\/index.php\/wp-json\/wp\/v2\/posts\/65479\/revisions"}],"predecessor-version":[{"id":65481,"href":"https:\/\/lahora.mx\/index.php\/wp-json\/wp\/v2\/posts\/65479\/revisions\/65481"}],"wp:featuredmedia":[{"embeddable":true,"href":"https:\/\/lahora.mx\/index.php\/wp-json\/wp\/v2\/media\/65480"}],"wp:attachment":[{"href":"https:\/\/lahora.mx\/index.php\/wp-json\/wp\/v2\/media?parent=65479"}],"wp:term":[{"taxonomy":"category","embeddable":true,"href":"https:\/\/lahora.mx\/index.php\/wp-json\/wp\/v2\/categories?post=65479"},{"taxonomy":"post_tag","embeddable":true,"href":"https:\/\/lahora.mx\/index.php\/wp-json\/wp\/v2\/tags?post=65479"}],"curies":[{"name":"wp","href":"https:\/\/api.w.org\/{rel}","templated":true}]}}