{"id":65476,"date":"2025-07-20T22:37:26","date_gmt":"2025-07-20T22:37:26","guid":{"rendered":"https:\/\/lahora.mx\/?p=65476"},"modified":"2025-07-20T22:37:27","modified_gmt":"2025-07-20T22:37:27","slug":"este-fin-de-semana-se-registra-escasez-de-combustible-en-la-mixteca-poblana","status":"publish","type":"post","link":"https:\/\/lahora.mx\/index.php\/2025\/07\/20\/este-fin-de-semana-se-registra-escasez-de-combustible-en-la-mixteca-poblana\/","title":{"rendered":"Este fin de semana se registra escasez de combustible en la Mixteca poblana"},"content":{"rendered":"\n<p>Este fin de semana en la Mixteca poblana se registr\u00f3 una falta de combustible en diversas gasolineras de la regi\u00f3n, generando incertidumbre entre los conductores de autos particulares y del transporte p\u00fablico.<br><br>Hay que destacar que desde la tarde-noche del 16 de julio, en el municipio de Acatl\u00e1n de Osorio, se report\u00f3 la falta de combustible, por lo que conductores tuvieron que desplazarse a municipios vecinos como Tehuitzingo, y otros a la ciudad oaxaque\u00f1a de Huajuapan de Le\u00f3n.<\/p>\n\n\n\n<p>La gasolinera ubicada en la junta auxiliar de Amatitl\u00e1n de Azueta, en Acatl\u00e1n, fue la \u00fanica de un total de tres que hay, cubri\u00f3 la demanda, qued\u00e1ndose despu\u00e9s sin combustible.<\/p>\n\n\n\n<p>Cabe mencionar que este domingo en Iz\u00facar de Matamoros, la gasolinera Los Pinos se qued\u00f3 sin combustible, informando a sus usuarios que tomaran otras opciones para cargar combustible ya que no contaban con abasto.<\/p>\n\n\n\n<p>Finalmente, durante varias semanas, en la Mixteca Poblana varias gasolineras han tenido desabasto de combustible, sin que hasta el momento se conozcan las causas que han provocado esto.<\/p>\n","protected":false},"excerpt":{"rendered":"<p>Este fin de semana en la Mixteca poblana se registr\u00f3 una falta de combustible en diversas gasolineras de la regi\u00f3n, generando incertidumbre entre los conductores de autos particulares y del transporte p\u00fablico. Hay que destacar que desde la tarde-noche del 16 de julio, en el municipio de Acatl\u00e1n de Osorio, se report\u00f3 la falta de [&hellip;]<\/p>\n","protected":false},"author":4,"featured_media":65477,"comment_status":"open","ping_status":"open","sticky":false,"template":"","format":"standard","meta":{"om_disable_all_campaigns":false,"_monsterinsights_skip_tracking":false,"_monsterinsights_sitenote_active":false,"_monsterinsights_sitenote_note":"","_monsterinsights_sitenote_category":0,"footnotes":""},"categories":[175],"tags":[223],"class_list":["post-65476","post","type-post","status-publish","format-standard","has-post-thumbnail","hentry","category-local","tag-puebla"],"amp_enabled":true,"_links":{"self":[{"href":"https:\/\/lahora.mx\/index.php\/wp-json\/wp\/v2\/posts\/65476","targetHints":{"allow":["GET"]}}],"collection":[{"href":"https:\/\/lahora.mx\/index.php\/wp-json\/wp\/v2\/posts"}],"about":[{"href":"https:\/\/lahora.mx\/index.php\/wp-json\/wp\/v2\/types\/post"}],"author":[{"embeddable":true,"href":"https:\/\/lahora.mx\/index.php\/wp-json\/wp\/v2\/users\/4"}],"replies":[{"embeddable":true,"href":"https:\/\/lahora.mx\/index.php\/wp-json\/wp\/v2\/comments?post=65476"}],"version-history":[{"count":1,"href":"https:\/\/lahora.mx\/index.php\/wp-json\/wp\/v2\/posts\/65476\/revisions"}],"predecessor-version":[{"id":65478,"href":"https:\/\/lahora.mx\/index.php\/wp-json\/wp\/v2\/posts\/65476\/revisions\/65478"}],"wp:featuredmedia":[{"embeddable":true,"href":"https:\/\/lahora.mx\/index.php\/wp-json\/wp\/v2\/media\/65477"}],"wp:attachment":[{"href":"https:\/\/lahora.mx\/index.php\/wp-json\/wp\/v2\/media?parent=65476"}],"wp:term":[{"taxonomy":"category","embeddable":true,"href":"https:\/\/lahora.mx\/index.php\/wp-json\/wp\/v2\/categories?post=65476"},{"taxonomy":"post_tag","embeddable":true,"href":"https:\/\/lahora.mx\/index.php\/wp-json\/wp\/v2\/tags?post=65476"}],"curies":[{"name":"wp","href":"https:\/\/api.w.org\/{rel}","templated":true}]}}