{"id":65470,"date":"2025-07-20T22:15:00","date_gmt":"2025-07-20T22:15:00","guid":{"rendered":"https:\/\/lahora.mx\/?p=65470"},"modified":"2025-07-20T22:15:01","modified_gmt":"2025-07-20T22:15:01","slug":"logra-fge-sentencia-de-50-anos-de-prision-contra-secuestrador-en-tehuacan","status":"publish","type":"post","link":"https:\/\/lahora.mx\/index.php\/2025\/07\/20\/logra-fge-sentencia-de-50-anos-de-prision-contra-secuestrador-en-tehuacan\/","title":{"rendered":"Logra FGE sentencia de 50 a\u00f1os de prisi\u00f3n contra secuestrador en Tehuac\u00e1n"},"content":{"rendered":"\n<p>La Fiscal\u00eda General del Estado logr\u00f3 una sentencia de 50 a\u00f1os de prisi\u00f3n contra Gabriel Escobedo N., declarado penalmente responsable del delito de secuestro agravado en el municipio de Tehuac\u00e1n, Puebla.<br><br>Los hechos ocurrieron el 25 de julio de 2021, en el tramo carretero Intermixteca &#8211; San Bartolo Teontepec, Nopala, Puebla, donde la v\u00edctima fue privada de la libertad, exigi\u00e9ndole a su esposa la cantidad de 8 millones de pesos para liberarlo.<\/p>\n\n\n\n<p>Despu\u00e9s de un proceso de negociaci\u00f3n, la familia entreg\u00f3 462 mil pesos y una camioneta tras lo cual la v\u00edctima fue liberada en una brecha del municipio de Coxcatl\u00e1n, en el l\u00edmite con el estado de Oaxaca.<\/p>\n\n\n\n<p>Gracias a la intervenci\u00f3n oportuna de elementos policiales, se logr\u00f3 el aseguramiento del agresor y fue presentado ante la autoridad ministerial.<\/p>\n\n\n\n<p>La Fiscal\u00eda de Puebla aport\u00f3 pruebas sustentadas que acreditaron la participaci\u00f3n del detenido en los hechos, por lo que la autoridad judicial dict\u00f3 50 a\u00f1os de prisi\u00f3n en su contra, as\u00ed como una multa de 358 mil 480 pesos y pago del da\u00f1o moral por 268 mil 860 pesos.<\/p>\n","protected":false},"excerpt":{"rendered":"<p>La Fiscal\u00eda General del Estado logr\u00f3 una sentencia de 50 a\u00f1os de prisi\u00f3n contra Gabriel Escobedo N., declarado penalmente responsable del delito de secuestro agravado en el municipio de Tehuac\u00e1n, Puebla. Los hechos ocurrieron el 25 de julio de 2021, en el tramo carretero Intermixteca &#8211; San Bartolo Teontepec, Nopala, Puebla, donde la v\u00edctima fue [&hellip;]<\/p>\n","protected":false},"author":4,"featured_media":65471,"comment_status":"open","ping_status":"open","sticky":false,"template":"","format":"standard","meta":{"om_disable_all_campaigns":false,"_monsterinsights_skip_tracking":false,"_monsterinsights_sitenote_active":false,"_monsterinsights_sitenote_note":"","_monsterinsights_sitenote_category":0,"footnotes":""},"categories":[175,226],"tags":[],"class_list":["post-65470","post","type-post","status-publish","format-standard","has-post-thumbnail","hentry","category-local","category-policia"],"amp_enabled":true,"_links":{"self":[{"href":"https:\/\/lahora.mx\/index.php\/wp-json\/wp\/v2\/posts\/65470","targetHints":{"allow":["GET"]}}],"collection":[{"href":"https:\/\/lahora.mx\/index.php\/wp-json\/wp\/v2\/posts"}],"about":[{"href":"https:\/\/lahora.mx\/index.php\/wp-json\/wp\/v2\/types\/post"}],"author":[{"embeddable":true,"href":"https:\/\/lahora.mx\/index.php\/wp-json\/wp\/v2\/users\/4"}],"replies":[{"embeddable":true,"href":"https:\/\/lahora.mx\/index.php\/wp-json\/wp\/v2\/comments?post=65470"}],"version-history":[{"count":1,"href":"https:\/\/lahora.mx\/index.php\/wp-json\/wp\/v2\/posts\/65470\/revisions"}],"predecessor-version":[{"id":65472,"href":"https:\/\/lahora.mx\/index.php\/wp-json\/wp\/v2\/posts\/65470\/revisions\/65472"}],"wp:featuredmedia":[{"embeddable":true,"href":"https:\/\/lahora.mx\/index.php\/wp-json\/wp\/v2\/media\/65471"}],"wp:attachment":[{"href":"https:\/\/lahora.mx\/index.php\/wp-json\/wp\/v2\/media?parent=65470"}],"wp:term":[{"taxonomy":"category","embeddable":true,"href":"https:\/\/lahora.mx\/index.php\/wp-json\/wp\/v2\/categories?post=65470"},{"taxonomy":"post_tag","embeddable":true,"href":"https:\/\/lahora.mx\/index.php\/wp-json\/wp\/v2\/tags?post=65470"}],"curies":[{"name":"wp","href":"https:\/\/api.w.org\/{rel}","templated":true}]}}