{"id":65452,"date":"2025-07-20T20:57:53","date_gmt":"2025-07-20T20:57:53","guid":{"rendered":"https:\/\/lahora.mx\/?p=65452"},"modified":"2025-07-20T20:57:54","modified_gmt":"2025-07-20T20:57:54","slug":"esta-es-la-cartelera-cultural-de-la-upaep-del-21-al-25-de-julio","status":"publish","type":"post","link":"https:\/\/lahora.mx\/index.php\/2025\/07\/20\/esta-es-la-cartelera-cultural-de-la-upaep-del-21-al-25-de-julio\/","title":{"rendered":"Esta es la Cartelera Cultural de la UPAEP del 21 al 25 de julio"},"content":{"rendered":"\n<p>La UPAEP dio a conocer su cartelera cultura del 21 al 25 de julio a realizarse en el Centro Cultural UPAEP (Museo UPAEP y Centro de Expresi\u00f3n de las Artes)<\/p>\n\n\n\n<p>Listo Plan Becas para quienes no se queden en la BUAPLa BUAP adelantar\u00e1 resultados del examen de Admisi\u00f3n 2025\u25cf Inauguraci\u00f3n de la exposici\u00f3n \u00abA todo Chile\u201d Celia Talavera, Chiles en Nogada.<\/p>\n\n\n\n<p>Una exposici\u00f3n colectiva que rinde homenaje a los chiles en nogada, \u00edcono de la gastronom\u00eda poblana y mexicana, reinterpretado desde la potencia visual del grabado y la gr\u00e1fica contempor\u00e1nea.<\/p>\n\n\n\n<p>Fecha: 24 de julio<\/p>\n\n\n\n<p>Horario: 17:00 H<\/p>\n\n\n\n<p>Lugar: Museo UPAEP-Av. 11 poniente #1916 \u2013 Barrio de Santiago &#8211; Puebla<\/p>\n\n\n\n<p>Entrada libre y gratuita.<\/p>\n\n\n\n<p>\u25cf Talleres art\u00edsticos de Oto\u00f1o 2025 en el CREA UPAEP<\/p>\n\n\n\n<p>\u00a1NO TE PIERDAS EL 50% DE DESCUENTO!<\/p>\n\n\n\n<p>Talleres de Oto\u00f1o 2025 de M\u00fasica, Danza, Teatro, Artes Visuales y Literatura abiertos al p\u00fablico en general.<\/p>\n\n\n\n<p>Participa en nuestros talleres art\u00edsticos, incorp\u00f3ralos a tu vida cotidiana, estos te permitir\u00e1n el desarrollo de habilidades f\u00edsicas y t\u00e9cnicas, as\u00ed como el enriquecimiento emocional y social. Podr\u00e1s elegir la actividad art\u00edstica que complemente tu vida obteniendo nuevas competencias para tu fortalecimiento integral.<\/p>\n\n\n\n<p>Fecha: 25 de agosto de enero al 13 de diciembre del 2025<\/p>\n\n\n\n<p>Consulta la oferta completa de talleres, d\u00edas y horarios en nuestra p\u00e1gina https:\/\/upaep.mx\/crea y obt\u00e9n un 50% de descuento si te inscribes antes del 8 de agosto en:<\/p>\n\n\n\n<figure class=\"wp-block-embed\"><div class=\"wp-block-embed__wrapper\">\nhttps:\/\/docs.google.com\/forms\/d\/e\/1FAIpQLSfOKlyJ92jhyFNbgy-KzJv1SP4-QBH9WjNKk3BerJNNce5u6g\/viewform\n<\/div><\/figure>\n\n\n\n<p>Talleres con costo de recuperaci\u00f3n, m\u00e1s informes al crea@upaep.mx .<\/p>\n\n\n\n<p>Lugar: CREA UPAEP &#8211; 11 poniente #1931 \u2013 Barrio de Santiago \u2013 Puebla.<\/p>\n\n\n\n<p>\u25cf Taller infantil de Alfarer\u00eda y Collage.<\/p>\n\n\n\n<p>En este taller, ni\u00f1as y ni\u00f1os experimentar\u00e1n con el modelado en barro y la creaci\u00f3n de composiciones a partir del collage. A trav\u00e9s del juego y la creatividad, conocer\u00e1n las posibilidades expresivas de las formas, texturas y materiales.<\/p>\n\n\n\n<p>Nota: La quema de las piezas se realizar\u00e1 en un espacio externo especializado.<\/p>\n\n\n\n<p>P\u00fablico: Dirigido a ni\u00f1os y ni\u00f1as de 7 a 12 a\u00f1os<\/p>\n\n\n\n<p>Fecha: del 4 de agosto al 22 de agosto &#8211; de Lunes a jueves<\/p>\n\n\n\n<p>Horario: 12:00 a 14:00 H<\/p>\n\n\n\n<p>Lugar: Crea UPAEP- 11 poniente #1931\u2013 Barrio de Santiago. Puebla. Pu\u00e9.<\/p>\n\n\n\n<p>Entrada con costo de recuperaci\u00f3n. M\u00e1s informaci\u00f3n por WhatsApp al 2211095715.<\/p>\n\n\n\n<p>LINK de inscripciones: https:\/\/bit.ly\/CREAkids2025<\/p>\n\n\n\n<p>\u25cf Taller infantil de Iniciaci\u00f3n a las Artes Pl\u00e1sticas.<\/p>\n\n\n\n<p>Este taller invita a ni\u00f1as y ni\u00f1os a descubrir el mundo del arte mediante actividades de dibujo, pintura, escultura y experimentaci\u00f3n con diversos materiales. Es un espacio para estimular la imaginaci\u00f3n, la sensibilidad y la expresi\u00f3n art\u00edstica desde temprana edad.<\/p>\n\n\n\n<p>P\u00fablico: Dirigido a ni\u00f1os y ni\u00f1as de 7 a 12 a\u00f1os<\/p>\n\n\n\n<p>Fecha: del 4 de agosto al 22 de agosto &#8211; de Lunes a jueves<\/p>\n\n\n\n<p>Hora: 16:00 a 18:00 H<\/p>\n\n\n\n<p>Lugar: Crea UPAEP- 11 poniente #1931\u2013 Barrio de Santiago. Puebla. Pu\u00e9.<\/p>\n\n\n\n<p>Entrada con costo de recuperaci\u00f3n. M\u00e1s informaci\u00f3n por WhatsApp al 2211095715.<\/p>\n\n\n\n<p>LINK de inscripciones: https:\/\/bit.ly\/CREAkids2025<\/p>\n\n\n\n<p>Nombre del evento: Taller de verano Arte y Braille<\/p>\n\n\n\n<p>Durante dos semanas se trabaja en actividades l\u00fadicas y educativas en las l\u00edneas de arte, braille y habilidades para la vida.<\/p>\n\n\n\n<p>Arte: obras de artistas mexicanos que se exploran a trav\u00e9s de descripciones de las obras, texturas, Sistema Constanz C\u00f3digo de color y se cierra con una actividad de acercamiento art\u00edstico.<\/p>\n\n\n\n<p>Braille: se ajusta al nivel de los asistentes para trabajar braille, ortograf\u00eda, dictado e incluso matem\u00e1ticas a quienes tienen dominado el sistema Braille.<\/p>\n\n\n\n<p>Habilidades para la vida: se trabaja vocabulario b\u00e1sico del idioma ingl\u00e9s.<\/p>\n\n\n\n<p>Fecha del evento: 21 de julio al 1 de agosto<\/p>\n\n\n\n<p>D\u00eda del evento: Lun Mar Mi\u00e9r Jue Vie S\u00e1b \/ dos semanas<\/p>\n\n\n\n<p>Hora del evento: 09:00 a 1:00<\/p>\n\n\n\n<p>Lugar del evento: Museo UPAEP<\/p>\n\n\n\n<p>P\u00fablico: Ni\u00f1os y j\u00f3venes con discapacidad visual<\/p>\n\n\n\n<p>Previa inscripci\u00f3n Enviar un mensaje de WhatsApp al n\u00famero 221 257 0586, o al correo electr\u00f3nico mariana.cruz@upaep.mx indicando que desean inscribirse en Arte y Braille.<\/p>\n\n\n\n<p>Taller gratuito<\/p>\n\n\n\n<p>Lugar: Museo UPAEP-Av. 11 poniente #1916 \u2013 Barrio de Santiago \u2013 Puebla<\/p>\n\n\n\n<p>\u25cf Memorias en la Niebla exposici\u00f3n en Museo UPAEP<\/p>\n\n\n\n<p>Exposici\u00f3n de ciencia que busca visibilizar las problem\u00e1ticas que enfrentan las personas con Alzheimer y sus cuidadores, con el objetivo de crear conciencia para despertar una sociedad m\u00e1s accesible.<\/p>\n\n\n\n<p>Fecha: Permanencia hasta el 28 de noviembre<\/p>\n\n\n\n<p>Horario: lunes a viernes de 9:00 H. a 17:00 H., y los s\u00e1bados de 10:00 H a 16:00 H.<\/p>\n\n\n\n<p>Lugar: Museo UPAEP-Av. 11 poniente #1916 \u2013 Barrio de Santiago &#8211; Puebla<\/p>\n\n\n\n<p>Entrada libre y gratuita.<\/p>\n\n\n\n<p>\u25cf Exposici\u00f3n \u00abPuebla Herencia Viva\u00bb en el Museo UPAEP<\/p>\n\n\n\n<p>Exposici\u00f3n sobre Puebla Capital como Ciudad Patrimonio. En ella encontrar\u00e1s informaci\u00f3n sobre la historia de su fundaci\u00f3n, su producci\u00f3n artesanal, acompa\u00f1ada de piezas de Arte Popular y de Talavera.<\/p>\n\n\n\n<p>Fecha: Permanente<\/p>\n\n\n\n<p>Horario: lunes a viernes de 9:00 H. a 17:00 H., y los s\u00e1bados de 10:00 H a 16:00 H.<\/p>\n\n\n\n<p>Lugar: Museo UPAEP-Av. 11 poniente #1916 \u2013 Barrio de Santiago &#8211; Puebla<\/p>\n\n\n\n<p>Entrada libre y gratuita.<\/p>\n\n\n\n<p>\u25cf Exposici\u00f3n El silencio de lo cotidiano. Exposici\u00f3n individual del artista \u00c1lvaro Santiago exposici\u00f3n en Museo UPAEP<\/p>\n\n\n\n<p>El dibujo es una parte fundamental del proceso creativo del artista, desde ese punto de partida, el artista \u00c1lvaro Santiago, de origen oaxaque\u00f1o, radicado en la ciudad de Puebla, comparte con el visitante de la exposici\u00f3n \u201cEl silencio de lo cotidiano\u201d las entra\u00f1as de sus obras, \u00edntimamente relacionadas con el dibujo. La exposici\u00f3n incluye dibujos, libretas de dibujo, obras en gran formato y otras piezas para relucir el trazado y esbozo de sus obras.<\/p>\n\n\n\n<p>Fecha: Permanencia 4 de octubre<\/p>\n\n\n\n<p>Horario: lunes a viernes de 9:00 H. a 17:00 H., y los s\u00e1bados de 10:00 H a 16:00 H.<\/p>\n\n\n\n<p>Lugar: Museo UPAEP-Av. 11 poniente #1916 \u2013 Barrio de Santiago &#8211; Puebla<\/p>\n\n\n\n<p>Entrada libre y gratuita.<\/p>\n","protected":false},"excerpt":{"rendered":"<p>La UPAEP dio a conocer su cartelera cultura del 21 al 25 de julio a realizarse en el Centro Cultural UPAEP (Museo UPAEP y Centro de Expresi\u00f3n de las Artes) Listo Plan Becas para quienes no se queden en la BUAPLa BUAP adelantar\u00e1 resultados del examen de Admisi\u00f3n 2025\u25cf Inauguraci\u00f3n de la exposici\u00f3n \u00abA todo [&hellip;]<\/p>\n","protected":false},"author":4,"featured_media":65453,"comment_status":"open","ping_status":"open","sticky":false,"template":"","format":"standard","meta":{"om_disable_all_campaigns":false,"_monsterinsights_skip_tracking":false,"_monsterinsights_sitenote_active":false,"_monsterinsights_sitenote_note":"","_monsterinsights_sitenote_category":0,"footnotes":""},"categories":[3,175],"tags":[],"class_list":["post-65452","post","type-post","status-publish","format-standard","has-post-thumbnail","hentry","category-entretenimiento","category-local"],"amp_enabled":true,"_links":{"self":[{"href":"https:\/\/lahora.mx\/index.php\/wp-json\/wp\/v2\/posts\/65452","targetHints":{"allow":["GET"]}}],"collection":[{"href":"https:\/\/lahora.mx\/index.php\/wp-json\/wp\/v2\/posts"}],"about":[{"href":"https:\/\/lahora.mx\/index.php\/wp-json\/wp\/v2\/types\/post"}],"author":[{"embeddable":true,"href":"https:\/\/lahora.mx\/index.php\/wp-json\/wp\/v2\/users\/4"}],"replies":[{"embeddable":true,"href":"https:\/\/lahora.mx\/index.php\/wp-json\/wp\/v2\/comments?post=65452"}],"version-history":[{"count":1,"href":"https:\/\/lahora.mx\/index.php\/wp-json\/wp\/v2\/posts\/65452\/revisions"}],"predecessor-version":[{"id":65454,"href":"https:\/\/lahora.mx\/index.php\/wp-json\/wp\/v2\/posts\/65452\/revisions\/65454"}],"wp:featuredmedia":[{"embeddable":true,"href":"https:\/\/lahora.mx\/index.php\/wp-json\/wp\/v2\/media\/65453"}],"wp:attachment":[{"href":"https:\/\/lahora.mx\/index.php\/wp-json\/wp\/v2\/media?parent=65452"}],"wp:term":[{"taxonomy":"category","embeddable":true,"href":"https:\/\/lahora.mx\/index.php\/wp-json\/wp\/v2\/categories?post=65452"},{"taxonomy":"post_tag","embeddable":true,"href":"https:\/\/lahora.mx\/index.php\/wp-json\/wp\/v2\/tags?post=65452"}],"curies":[{"name":"wp","href":"https:\/\/api.w.org\/{rel}","templated":true}]}}