{"id":65446,"date":"2025-07-20T20:30:42","date_gmt":"2025-07-20T20:30:42","guid":{"rendered":"https:\/\/lahora.mx\/?p=65446"},"modified":"2025-07-20T20:30:43","modified_gmt":"2025-07-20T20:30:43","slug":"asesinan-a-comerciante-en-atlixco-mientras-abria-su-tienda-frente-al-cis","status":"publish","type":"post","link":"https:\/\/lahora.mx\/index.php\/2025\/07\/20\/asesinan-a-comerciante-en-atlixco-mientras-abria-su-tienda-frente-al-cis\/","title":{"rendered":"Asesinan a comerciante en Atlixco mientras abr\u00eda su tienda frente al CIS"},"content":{"rendered":"\n<p>La ma\u00f1ana de este domingo un comerciante result\u00f3 asesinado a balazos frente al Centro Integral de Servicios (CIS) de la colonia El Le\u00f3n, a unos 15 minutos del centro de la ciudad.<br><br>De acuerdo con los primeros reportes policiales, la v\u00edctima, un hombre de aproximadamente 40 a\u00f1os de edad, se encontraba abriendo su tienda de abarrotes cuando un sujeto armado se acerc\u00f3 y dispar\u00f3 en repetidas ocasiones a quemarropa dej\u00e1ndolo pr\u00e1cticamente sin vida en la entrada de su local.<\/p>\n\n\n\n<p>El sonido de los disparos alarm\u00f3 a los vecinos quienes de inmediato alertaron a la polic\u00eda y a los cuerpos locales de emergencia. Sin embargo, los param\u00e9dicos al llegar confirmaron al comerciante ya no contaba con signos vitales.<\/p>\n\n\n\n<p>Hasta el momento el m\u00f3vil del asesinato permanece desconocido. Y las autoridades no confirman si se trat\u00f3 de un intento de asalto, ajuste de cuentas o crimen premeditado. El \u00e1rea del crimen se acordon\u00f3 para facilitar las labores del Agente del Ministerio P\u00fablico (AMP) y de los peritos forenses.<\/p>\n\n\n\n<p>Seg\u00fan versiones de algunos residentes de la colonia El Le\u00f3n el occiso llevaba apenas cuatro meses viviendo en la zona a donde habr\u00eda llegado con la intenci\u00f3n de establecer su peque\u00f1o negocio familiar.<\/p>\n\n\n\n<p>Las autoridades correspondientes ya iniciaron una carpeta de investigaci\u00f3n por homicidio doloso y revisar\u00e1n c\u00e1maras de videovigilancia cercanas para identificar al agresor y conocer su ruta de escape.<\/p>\n","protected":false},"excerpt":{"rendered":"<p>La ma\u00f1ana de este domingo un comerciante result\u00f3 asesinado a balazos frente al Centro Integral de Servicios (CIS) de la colonia El Le\u00f3n, a unos 15 minutos del centro de la ciudad. De acuerdo con los primeros reportes policiales, la v\u00edctima, un hombre de aproximadamente 40 a\u00f1os de edad, se encontraba abriendo su tienda de [&hellip;]<\/p>\n","protected":false},"author":4,"featured_media":65447,"comment_status":"open","ping_status":"open","sticky":false,"template":"","format":"standard","meta":{"om_disable_all_campaigns":false,"_monsterinsights_skip_tracking":false,"_monsterinsights_sitenote_active":false,"_monsterinsights_sitenote_note":"","_monsterinsights_sitenote_category":0,"footnotes":""},"categories":[175,226],"tags":[223],"class_list":["post-65446","post","type-post","status-publish","format-standard","has-post-thumbnail","hentry","category-local","category-policia","tag-puebla"],"amp_enabled":true,"_links":{"self":[{"href":"https:\/\/lahora.mx\/index.php\/wp-json\/wp\/v2\/posts\/65446","targetHints":{"allow":["GET"]}}],"collection":[{"href":"https:\/\/lahora.mx\/index.php\/wp-json\/wp\/v2\/posts"}],"about":[{"href":"https:\/\/lahora.mx\/index.php\/wp-json\/wp\/v2\/types\/post"}],"author":[{"embeddable":true,"href":"https:\/\/lahora.mx\/index.php\/wp-json\/wp\/v2\/users\/4"}],"replies":[{"embeddable":true,"href":"https:\/\/lahora.mx\/index.php\/wp-json\/wp\/v2\/comments?post=65446"}],"version-history":[{"count":1,"href":"https:\/\/lahora.mx\/index.php\/wp-json\/wp\/v2\/posts\/65446\/revisions"}],"predecessor-version":[{"id":65448,"href":"https:\/\/lahora.mx\/index.php\/wp-json\/wp\/v2\/posts\/65446\/revisions\/65448"}],"wp:featuredmedia":[{"embeddable":true,"href":"https:\/\/lahora.mx\/index.php\/wp-json\/wp\/v2\/media\/65447"}],"wp:attachment":[{"href":"https:\/\/lahora.mx\/index.php\/wp-json\/wp\/v2\/media?parent=65446"}],"wp:term":[{"taxonomy":"category","embeddable":true,"href":"https:\/\/lahora.mx\/index.php\/wp-json\/wp\/v2\/categories?post=65446"},{"taxonomy":"post_tag","embeddable":true,"href":"https:\/\/lahora.mx\/index.php\/wp-json\/wp\/v2\/tags?post=65446"}],"curies":[{"name":"wp","href":"https:\/\/api.w.org\/{rel}","templated":true}]}}